{"id":9917,"date":"2023-03-10T08:10:16","date_gmt":"2023-03-10T08:10:16","guid":{"rendered":"https:\/\/www.calvera.es\/?p=9917"},"modified":"2024-05-29T12:42:32","modified_gmt":"2024-05-29T12:42:32","slug":"la-empresa-municipal-de-transportes-de-mallorca-presenta-los-3-primeros-buses-propulsados-por-h2-verde","status":"publish","type":"post","link":"https:\/\/www.calvera.es\/es\/la-empresa-municipal-de-transportes-de-mallorca-presenta-los-3-primeros-buses-propulsados-por-h2-verde\/","title":{"rendered":"La Empresa Municipal de Transportes de Mallorca presenta los 3 primeros buses propulsados por H2 verde"},"content":{"rendered":"<p>La Empresa Municipal de Transportes (EMT) de Palma de Mallorca ha presentado hoy los 3 primeros autobuses, de un total de 5, propulsados por hidr\u00f3geno verde que van a formar parte de la red de transporte p\u00fablico de la capital mallorquina.<\/p>\n<p>CALVERA HYDROGEN, como partner de este proyecto europeo llamado GreenHysland, ha proporcionado la infraestructura de hidr\u00f3geno para suministrarlo a dichos autobuses.<\/p>\n<p>Gracias a ACCIONA Energ\u00eda, Enag\u00e1s Renovable, CEMEX Espa\u00f1a e IDAE. Instituto para la Diversificaci\u00f3n y Ahorro de la Energ\u00eda, su confianza en nosotros para hacer realidad esta apuesta por la movilidad sostenible.<\/p>\n<p><img loading=\"lazy\" decoding=\"async\" class=\"alignnone size-medium wp-image-9906\" src=\"https:\/\/www.calvera.es\/wp-content\/uploads\/2023\/06\/IMG_2166-300x146.jpg\" alt=\"\" width=\"300\" height=\"146\" srcset=\"https:\/\/www.calvera.es\/wp-content\/uploads\/2023\/06\/IMG_2166-300x146.jpg 300w, https:\/\/www.calvera.es\/wp-content\/uploads\/2023\/06\/IMG_2166-1024x499.jpg 1024w, https:\/\/www.calvera.es\/wp-content\/uploads\/2023\/06\/IMG_2166-768x374.jpg 768w, https:\/\/www.calvera.es\/wp-content\/uploads\/2023\/06\/IMG_2166-1536x749.jpg 1536w, https:\/\/www.calvera.es\/wp-content\/uploads\/2023\/06\/IMG_2166-2048x998.jpg 2048w\" sizes=\"auto, (max-width: 300px) 100vw, 300px\" \/><img loading=\"lazy\" decoding=\"async\" class=\"alignnone wp-image-9910\" src=\"https:\/\/www.calvera.es\/wp-content\/uploads\/2023\/06\/IMG_2178-300x163.jpg\" alt=\"\" width=\"269\" height=\"146\" srcset=\"https:\/\/www.calvera.es\/wp-content\/uploads\/2023\/06\/IMG_2178-300x163.jpg 300w, https:\/\/www.calvera.es\/wp-content\/uploads\/2023\/06\/IMG_2178-1024x558.jpg 1024w, https:\/\/www.calvera.es\/wp-content\/uploads\/2023\/06\/IMG_2178-768x418.jpg 768w, https:\/\/www.calvera.es\/wp-content\/uploads\/2023\/06\/IMG_2178-1536x836.jpg 1536w, https:\/\/www.calvera.es\/wp-content\/uploads\/2023\/06\/IMG_2178-2048x1115.jpg 2048w\" sizes=\"auto, (max-width: 269px) 100vw, 269px\" \/><img loading=\"lazy\" decoding=\"async\" class=\"alignnone size-medium wp-image-9908\" src=\"https:\/\/www.calvera.es\/wp-content\/uploads\/2023\/06\/IMG_2176-300x169.jpg\" alt=\"\" width=\"300\" height=\"169\" srcset=\"https:\/\/www.calvera.es\/wp-content\/uploads\/2023\/06\/IMG_2176-300x169.jpg 300w, https:\/\/www.calvera.es\/wp-content\/uploads\/2023\/06\/IMG_2176-1024x578.jpg 1024w, https:\/\/www.calvera.es\/wp-content\/uploads\/2023\/06\/IMG_2176-768x434.jpg 768w, https:\/\/www.calvera.es\/wp-content\/uploads\/2023\/06\/IMG_2176-1536x867.jpg 1536w, https:\/\/www.calvera.es\/wp-content\/uploads\/2023\/06\/IMG_2176-2048x1156.jpg 2048w\" sizes=\"auto, (max-width: 300px) 100vw, 300px\" \/><\/p>\n","protected":false},"excerpt":{"rendered":"<p>La Empresa Municipal de Transportes (EMT) de Palma de Mallorca ha presentado hoy los 3 primeros autobuses, de un total [&hellip;]<\/p>\n","protected":false},"author":3,"featured_media":9904,"comment_status":"closed","ping_status":"closed","sticky":false,"template":"","format":"standard","meta":{"footnotes":""},"categories":[28],"tags":[],"class_list":["post-9917","post","type-post","status-publish","format-standard","has-post-thumbnail","hentry","category-calvera"],"yoast_head":"<!-- This site is optimized with the Yoast SEO plugin v27.3 - https:\/\/yoast.com\/product\/yoast-seo-wordpress\/ -->\n<title>La Empresa Municipal de Transportes de Mallorca presenta los 3 primeros buses propulsados por H2 verde - Calvera Hydrogen<\/title>\n<meta name=\"robots\" content=\"index, follow, max-snippet:-1, max-image-preview:large, max-video-preview:-1\" \/>\n<link rel=\"canonical\" href=\"https:\/\/www.calvera.es\/es\/la-empresa-municipal-de-transportes-de-mallorca-presenta-los-3-primeros-buses-propulsados-por-h2-verde\/\" \/>\n<meta property=\"og:locale\" content=\"es_ES\" \/>\n<meta property=\"og:type\" content=\"article\" \/>\n<meta property=\"og:title\" content=\"La Empresa Municipal de Transportes de Mallorca presenta los 3 primeros buses propulsados por H2 verde - Calvera Hydrogen\" \/>\n<meta property=\"og:description\" content=\"La Empresa Municipal de Transportes (EMT) de Palma de Mallorca ha presentado hoy los 3 primeros autobuses, de un total [&hellip;]\" \/>\n<meta property=\"og:url\" content=\"https:\/\/www.calvera.es\/es\/la-empresa-municipal-de-transportes-de-mallorca-presenta-los-3-primeros-buses-propulsados-por-h2-verde\/\" \/>\n<meta property=\"og:site_name\" content=\"Calvera Hydrogen\" \/>\n<meta property=\"article:published_time\" content=\"2023-03-10T08:10:16+00:00\" \/>\n<meta property=\"article:modified_time\" content=\"2024-05-29T12:42:32+00:00\" \/>\n<meta property=\"og:image\" content=\"https:\/\/www.calvera.es\/wp-content\/uploads\/2023\/06\/IMG_2164-scaled.jpg\" \/>\n\t<meta property=\"og:image:width\" content=\"2280\" \/>\n\t<meta property=\"og:image:height\" content=\"2560\" \/>\n\t<meta property=\"og:image:type\" content=\"image\/jpeg\" \/>\n<meta name=\"author\" content=\"Rocio\" \/>\n<meta name=\"twitter:card\" content=\"summary_large_image\" \/>\n<meta name=\"twitter:label1\" content=\"Escrito por\" \/>\n\t<meta name=\"twitter:data1\" content=\"Rocio\" \/>\n\t<meta name=\"twitter:label2\" content=\"Tiempo de lectura\" \/>\n\t<meta name=\"twitter:data2\" content=\"2 minutos\" \/>\n<script type=\"application\/ld+json\" class=\"yoast-schema-graph\">{\"@context\":\"https:\\\/\\\/schema.org\",\"@graph\":[{\"@type\":\"Article\",\"@id\":\"https:\\\/\\\/www.calvera.es\\\/es\\\/la-empresa-municipal-de-transportes-de-mallorca-presenta-los-3-primeros-buses-propulsados-por-h2-verde\\\/#article\",\"isPartOf\":{\"@id\":\"https:\\\/\\\/www.calvera.es\\\/es\\\/la-empresa-municipal-de-transportes-de-mallorca-presenta-los-3-primeros-buses-propulsados-por-h2-verde\\\/\"},\"author\":{\"name\":\"Rocio\",\"@id\":\"https:\\\/\\\/www.calvera.es\\\/#\\\/schema\\\/person\\\/a38c3cbd55754675638688e93144ea13\"},\"headline\":\"La Empresa Municipal de Transportes de Mallorca presenta los 3 primeros buses propulsados por H2 verde\",\"datePublished\":\"2023-03-10T08:10:16+00:00\",\"dateModified\":\"2024-05-29T12:42:32+00:00\",\"mainEntityOfPage\":{\"@id\":\"https:\\\/\\\/www.calvera.es\\\/es\\\/la-empresa-municipal-de-transportes-de-mallorca-presenta-los-3-primeros-buses-propulsados-por-h2-verde\\\/\"},\"wordCount\":115,\"image\":{\"@id\":\"https:\\\/\\\/www.calvera.es\\\/es\\\/la-empresa-municipal-de-transportes-de-mallorca-presenta-los-3-primeros-buses-propulsados-por-h2-verde\\\/#primaryimage\"},\"thumbnailUrl\":\"https:\\\/\\\/www.calvera.es\\\/wp-content\\\/uploads\\\/2023\\\/06\\\/IMG_2164-scaled.jpg\",\"articleSection\":[\"Calvera\"],\"inLanguage\":\"es\"},{\"@type\":\"WebPage\",\"@id\":\"https:\\\/\\\/www.calvera.es\\\/es\\\/la-empresa-municipal-de-transportes-de-mallorca-presenta-los-3-primeros-buses-propulsados-por-h2-verde\\\/\",\"url\":\"https:\\\/\\\/www.calvera.es\\\/es\\\/la-empresa-municipal-de-transportes-de-mallorca-presenta-los-3-primeros-buses-propulsados-por-h2-verde\\\/\",\"name\":\"La Empresa Municipal de Transportes de Mallorca presenta los 3 primeros buses propulsados por H2 verde - Calvera Hydrogen\",\"isPartOf\":{\"@id\":\"https:\\\/\\\/www.calvera.es\\\/#website\"},\"primaryImageOfPage\":{\"@id\":\"https:\\\/\\\/www.calvera.es\\\/es\\\/la-empresa-municipal-de-transportes-de-mallorca-presenta-los-3-primeros-buses-propulsados-por-h2-verde\\\/#primaryimage\"},\"image\":{\"@id\":\"https:\\\/\\\/www.calvera.es\\\/es\\\/la-empresa-municipal-de-transportes-de-mallorca-presenta-los-3-primeros-buses-propulsados-por-h2-verde\\\/#primaryimage\"},\"thumbnailUrl\":\"https:\\\/\\\/www.calvera.es\\\/wp-content\\\/uploads\\\/2023\\\/06\\\/IMG_2164-scaled.jpg\",\"datePublished\":\"2023-03-10T08:10:16+00:00\",\"dateModified\":\"2024-05-29T12:42:32+00:00\",\"author\":{\"@id\":\"https:\\\/\\\/www.calvera.es\\\/#\\\/schema\\\/person\\\/a38c3cbd55754675638688e93144ea13\"},\"breadcrumb\":{\"@id\":\"https:\\\/\\\/www.calvera.es\\\/es\\\/la-empresa-municipal-de-transportes-de-mallorca-presenta-los-3-primeros-buses-propulsados-por-h2-verde\\\/#breadcrumb\"},\"inLanguage\":\"es\",\"potentialAction\":[{\"@type\":\"ReadAction\",\"target\":[\"https:\\\/\\\/www.calvera.es\\\/es\\\/la-empresa-municipal-de-transportes-de-mallorca-presenta-los-3-primeros-buses-propulsados-por-h2-verde\\\/\"]}]},{\"@type\":\"ImageObject\",\"inLanguage\":\"es\",\"@id\":\"https:\\\/\\\/www.calvera.es\\\/es\\\/la-empresa-municipal-de-transportes-de-mallorca-presenta-los-3-primeros-buses-propulsados-por-h2-verde\\\/#primaryimage\",\"url\":\"https:\\\/\\\/www.calvera.es\\\/wp-content\\\/uploads\\\/2023\\\/06\\\/IMG_2164-scaled.jpg\",\"contentUrl\":\"https:\\\/\\\/www.calvera.es\\\/wp-content\\\/uploads\\\/2023\\\/06\\\/IMG_2164-scaled.jpg\",\"width\":2280,\"height\":2560},{\"@type\":\"BreadcrumbList\",\"@id\":\"https:\\\/\\\/www.calvera.es\\\/es\\\/la-empresa-municipal-de-transportes-de-mallorca-presenta-los-3-primeros-buses-propulsados-por-h2-verde\\\/#breadcrumb\",\"itemListElement\":[{\"@type\":\"ListItem\",\"position\":1,\"name\":\"Portada\",\"item\":\"https:\\\/\\\/www.calvera.es\\\/es\\\/\"},{\"@type\":\"ListItem\",\"position\":2,\"name\":\"La Empresa Municipal de Transportes de Mallorca presenta los 3 primeros buses propulsados por H2 verde\"}]},{\"@type\":\"WebSite\",\"@id\":\"https:\\\/\\\/www.calvera.es\\\/#website\",\"url\":\"https:\\\/\\\/www.calvera.es\\\/\",\"name\":\"Calvera Hydrogen\",\"description\":\"Design and manufacture of hydrogen, biomethane and other gases infrastructure equipment\",\"potentialAction\":[{\"@type\":\"SearchAction\",\"target\":{\"@type\":\"EntryPoint\",\"urlTemplate\":\"https:\\\/\\\/www.calvera.es\\\/?s={search_term_string}\"},\"query-input\":{\"@type\":\"PropertyValueSpecification\",\"valueRequired\":true,\"valueName\":\"search_term_string\"}}],\"inLanguage\":\"es\"},{\"@type\":\"Person\",\"@id\":\"https:\\\/\\\/www.calvera.es\\\/#\\\/schema\\\/person\\\/a38c3cbd55754675638688e93144ea13\",\"name\":\"Rocio\",\"image\":{\"@type\":\"ImageObject\",\"inLanguage\":\"es\",\"@id\":\"https:\\\/\\\/secure.gravatar.com\\\/avatar\\\/60ebf3635fffe3032aba22d33ca50491f75ab8e29b0036d9a4aee344593692d4?s=96&d=mm&r=g\",\"url\":\"https:\\\/\\\/secure.gravatar.com\\\/avatar\\\/60ebf3635fffe3032aba22d33ca50491f75ab8e29b0036d9a4aee344593692d4?s=96&d=mm&r=g\",\"contentUrl\":\"https:\\\/\\\/secure.gravatar.com\\\/avatar\\\/60ebf3635fffe3032aba22d33ca50491f75ab8e29b0036d9a4aee344593692d4?s=96&d=mm&r=g\",\"caption\":\"Rocio\"},\"url\":\"https:\\\/\\\/www.calvera.es\\\/es\\\/author\\\/rocio\\\/\"}]}<\/script>\n<!-- \/ Yoast SEO plugin. -->","yoast_head_json":{"title":"La Empresa Municipal de Transportes de Mallorca presenta los 3 primeros buses propulsados por H2 verde - Calvera Hydrogen","robots":{"index":"index","follow":"follow","max-snippet":"max-snippet:-1","max-image-preview":"max-image-preview:large","max-video-preview":"max-video-preview:-1"},"canonical":"https:\/\/www.calvera.es\/es\/la-empresa-municipal-de-transportes-de-mallorca-presenta-los-3-primeros-buses-propulsados-por-h2-verde\/","og_locale":"es_ES","og_type":"article","og_title":"La Empresa Municipal de Transportes de Mallorca presenta los 3 primeros buses propulsados por H2 verde - Calvera Hydrogen","og_description":"La Empresa Municipal de Transportes (EMT) de Palma de Mallorca ha presentado hoy los 3 primeros autobuses, de un total [&hellip;]","og_url":"https:\/\/www.calvera.es\/es\/la-empresa-municipal-de-transportes-de-mallorca-presenta-los-3-primeros-buses-propulsados-por-h2-verde\/","og_site_name":"Calvera Hydrogen","article_published_time":"2023-03-10T08:10:16+00:00","article_modified_time":"2024-05-29T12:42:32+00:00","og_image":[{"width":2280,"height":2560,"url":"https:\/\/www.calvera.es\/wp-content\/uploads\/2023\/06\/IMG_2164-scaled.jpg","type":"image\/jpeg"}],"author":"Rocio","twitter_card":"summary_large_image","twitter_misc":{"Escrito por":"Rocio","Tiempo de lectura":"2 minutos"},"schema":{"@context":"https:\/\/schema.org","@graph":[{"@type":"Article","@id":"https:\/\/www.calvera.es\/es\/la-empresa-municipal-de-transportes-de-mallorca-presenta-los-3-primeros-buses-propulsados-por-h2-verde\/#article","isPartOf":{"@id":"https:\/\/www.calvera.es\/es\/la-empresa-municipal-de-transportes-de-mallorca-presenta-los-3-primeros-buses-propulsados-por-h2-verde\/"},"author":{"name":"Rocio","@id":"https:\/\/www.calvera.es\/#\/schema\/person\/a38c3cbd55754675638688e93144ea13"},"headline":"La Empresa Municipal de Transportes de Mallorca presenta los 3 primeros buses propulsados por H2 verde","datePublished":"2023-03-10T08:10:16+00:00","dateModified":"2024-05-29T12:42:32+00:00","mainEntityOfPage":{"@id":"https:\/\/www.calvera.es\/es\/la-empresa-municipal-de-transportes-de-mallorca-presenta-los-3-primeros-buses-propulsados-por-h2-verde\/"},"wordCount":115,"image":{"@id":"https:\/\/www.calvera.es\/es\/la-empresa-municipal-de-transportes-de-mallorca-presenta-los-3-primeros-buses-propulsados-por-h2-verde\/#primaryimage"},"thumbnailUrl":"https:\/\/www.calvera.es\/wp-content\/uploads\/2023\/06\/IMG_2164-scaled.jpg","articleSection":["Calvera"],"inLanguage":"es"},{"@type":"WebPage","@id":"https:\/\/www.calvera.es\/es\/la-empresa-municipal-de-transportes-de-mallorca-presenta-los-3-primeros-buses-propulsados-por-h2-verde\/","url":"https:\/\/www.calvera.es\/es\/la-empresa-municipal-de-transportes-de-mallorca-presenta-los-3-primeros-buses-propulsados-por-h2-verde\/","name":"La Empresa Municipal de Transportes de Mallorca presenta los 3 primeros buses propulsados por H2 verde - Calvera Hydrogen","isPartOf":{"@id":"https:\/\/www.calvera.es\/#website"},"primaryImageOfPage":{"@id":"https:\/\/www.calvera.es\/es\/la-empresa-municipal-de-transportes-de-mallorca-presenta-los-3-primeros-buses-propulsados-por-h2-verde\/#primaryimage"},"image":{"@id":"https:\/\/www.calvera.es\/es\/la-empresa-municipal-de-transportes-de-mallorca-presenta-los-3-primeros-buses-propulsados-por-h2-verde\/#primaryimage"},"thumbnailUrl":"https:\/\/www.calvera.es\/wp-content\/uploads\/2023\/06\/IMG_2164-scaled.jpg","datePublished":"2023-03-10T08:10:16+00:00","dateModified":"2024-05-29T12:42:32+00:00","author":{"@id":"https:\/\/www.calvera.es\/#\/schema\/person\/a38c3cbd55754675638688e93144ea13"},"breadcrumb":{"@id":"https:\/\/www.calvera.es\/es\/la-empresa-municipal-de-transportes-de-mallorca-presenta-los-3-primeros-buses-propulsados-por-h2-verde\/#breadcrumb"},"inLanguage":"es","potentialAction":[{"@type":"ReadAction","target":["https:\/\/www.calvera.es\/es\/la-empresa-municipal-de-transportes-de-mallorca-presenta-los-3-primeros-buses-propulsados-por-h2-verde\/"]}]},{"@type":"ImageObject","inLanguage":"es","@id":"https:\/\/www.calvera.es\/es\/la-empresa-municipal-de-transportes-de-mallorca-presenta-los-3-primeros-buses-propulsados-por-h2-verde\/#primaryimage","url":"https:\/\/www.calvera.es\/wp-content\/uploads\/2023\/06\/IMG_2164-scaled.jpg","contentUrl":"https:\/\/www.calvera.es\/wp-content\/uploads\/2023\/06\/IMG_2164-scaled.jpg","width":2280,"height":2560},{"@type":"BreadcrumbList","@id":"https:\/\/www.calvera.es\/es\/la-empresa-municipal-de-transportes-de-mallorca-presenta-los-3-primeros-buses-propulsados-por-h2-verde\/#breadcrumb","itemListElement":[{"@type":"ListItem","position":1,"name":"Portada","item":"https:\/\/www.calvera.es\/es\/"},{"@type":"ListItem","position":2,"name":"La Empresa Municipal de Transportes de Mallorca presenta los 3 primeros buses propulsados por H2 verde"}]},{"@type":"WebSite","@id":"https:\/\/www.calvera.es\/#website","url":"https:\/\/www.calvera.es\/","name":"Calvera Hydrogen","description":"Design and manufacture of hydrogen, biomethane and other gases infrastructure equipment","potentialAction":[{"@type":"SearchAction","target":{"@type":"EntryPoint","urlTemplate":"https:\/\/www.calvera.es\/?s={search_term_string}"},"query-input":{"@type":"PropertyValueSpecification","valueRequired":true,"valueName":"search_term_string"}}],"inLanguage":"es"},{"@type":"Person","@id":"https:\/\/www.calvera.es\/#\/schema\/person\/a38c3cbd55754675638688e93144ea13","name":"Rocio","image":{"@type":"ImageObject","inLanguage":"es","@id":"https:\/\/secure.gravatar.com\/avatar\/60ebf3635fffe3032aba22d33ca50491f75ab8e29b0036d9a4aee344593692d4?s=96&d=mm&r=g","url":"https:\/\/secure.gravatar.com\/avatar\/60ebf3635fffe3032aba22d33ca50491f75ab8e29b0036d9a4aee344593692d4?s=96&d=mm&r=g","contentUrl":"https:\/\/secure.gravatar.com\/avatar\/60ebf3635fffe3032aba22d33ca50491f75ab8e29b0036d9a4aee344593692d4?s=96&d=mm&r=g","caption":"Rocio"},"url":"https:\/\/www.calvera.es\/es\/author\/rocio\/"}]}},"_links":{"self":[{"href":"https:\/\/www.calvera.es\/es\/wp-json\/wp\/v2\/posts\/9917","targetHints":{"allow":["GET"]}}],"collection":[{"href":"https:\/\/www.calvera.es\/es\/wp-json\/wp\/v2\/posts"}],"about":[{"href":"https:\/\/www.calvera.es\/es\/wp-json\/wp\/v2\/types\/post"}],"author":[{"embeddable":true,"href":"https:\/\/www.calvera.es\/es\/wp-json\/wp\/v2\/users\/3"}],"replies":[{"embeddable":true,"href":"https:\/\/www.calvera.es\/es\/wp-json\/wp\/v2\/comments?post=9917"}],"version-history":[{"count":0,"href":"https:\/\/www.calvera.es\/es\/wp-json\/wp\/v2\/posts\/9917\/revisions"}],"wp:featuredmedia":[{"embeddable":true,"href":"https:\/\/www.calvera.es\/es\/wp-json\/wp\/v2\/media\/9904"}],"wp:attachment":[{"href":"https:\/\/www.calvera.es\/es\/wp-json\/wp\/v2\/media?parent=9917"}],"wp:term":[{"taxonomy":"category","embeddable":true,"href":"https:\/\/www.calvera.es\/es\/wp-json\/wp\/v2\/categories?post=9917"},{"taxonomy":"post_tag","embeddable":true,"href":"https:\/\/www.calvera.es\/es\/wp-json\/wp\/v2\/tags?post=9917"}],"curies":[{"name":"wp","href":"https:\/\/api.w.org\/{rel}","templated":true}]}}