{"id":9389,"date":"2023-02-01T15:49:48","date_gmt":"2023-02-01T15:49:48","guid":{"rendered":"https:\/\/www.calvera.es\/?p=9389"},"modified":"2024-05-29T13:34:45","modified_gmt":"2024-05-29T13:34:45","slug":"analisis-del-sector-del-hidrogeno-por-jose-luis-fernandez-bris-ceo-de-calvera-hydrogen","status":"publish","type":"post","link":"https:\/\/www.calvera.es\/es\/analisis-del-sector-del-hidrogeno-por-jose-luis-fernandez-bris-ceo-de-calvera-hydrogen\/","title":{"rendered":"An\u00e1lisis del sector del hidr\u00f3geno por Jos\u00e9 Luis Fern\u00e1ndez Bris, CEO de CALVERA HYDROGEN"},"content":{"rendered":"<p>Art\u00edculo de opini\u00f3n de Jos\u00e9 Luis Fern\u00e1ndez Bris, CEO de CALVERA HYDROGEN, en El Economista Energ\u00eda, en el que habla sobre la importancia de contar con una cadena de suministro de hidr\u00f3geno confiable. Un an\u00e1lisis del sector del hidr\u00f3geno muy interesante.<\/p>\n<p><strong><a href=\"https:\/\/revistas.eleconomista.es\/energia\/2023\/enero\/la-importancia-de-contar-con-una-cadena-de-suministro-de-hidrogeno-confiable-HC13112252\">La importancia de contar con una cadena de suministro de hidr\u00f3geno confiable<\/a><\/strong><\/p>\n","protected":false},"excerpt":{"rendered":"<p>Art\u00edculo de opini\u00f3n de Jos\u00e9 Luis Fern\u00e1ndez Bris, CEO de CALVERA HYDROGEN, en El Economista Energ\u00eda, en el que habla [&hellip;]<\/p>\n","protected":false},"author":3,"featured_media":9384,"comment_status":"closed","ping_status":"closed","sticky":false,"template":"","format":"standard","meta":{"footnotes":""},"categories":[28],"tags":[],"class_list":["post-9389","post","type-post","status-publish","format-standard","has-post-thumbnail","hentry","category-calvera"],"yoast_head":"<!-- This site is optimized with the Yoast SEO plugin v27.3 - https:\/\/yoast.com\/product\/yoast-seo-wordpress\/ -->\n<title>An\u00e1lisis del sector del hidr\u00f3geno por Jos\u00e9 Luis Fern\u00e1ndez Bris, CEO de CALVERA HYDROGEN - Calvera Hydrogen<\/title>\n<meta name=\"robots\" content=\"index, follow, max-snippet:-1, max-image-preview:large, max-video-preview:-1\" \/>\n<link rel=\"canonical\" href=\"https:\/\/www.calvera.es\/es\/analisis-del-sector-del-hidrogeno-por-jose-luis-fernandez-bris-ceo-de-calvera-hydrogen\/\" \/>\n<meta property=\"og:locale\" content=\"es_ES\" \/>\n<meta property=\"og:type\" content=\"article\" \/>\n<meta property=\"og:title\" content=\"An\u00e1lisis del sector del hidr\u00f3geno por Jos\u00e9 Luis Fern\u00e1ndez Bris, CEO de CALVERA HYDROGEN - Calvera Hydrogen\" \/>\n<meta property=\"og:description\" content=\"Art\u00edculo de opini\u00f3n de Jos\u00e9 Luis Fern\u00e1ndez Bris, CEO de CALVERA HYDROGEN, en El Economista Energ\u00eda, en el que habla [&hellip;]\" \/>\n<meta property=\"og:url\" content=\"https:\/\/www.calvera.es\/es\/analisis-del-sector-del-hidrogeno-por-jose-luis-fernandez-bris-ceo-de-calvera-hydrogen\/\" \/>\n<meta property=\"og:site_name\" content=\"Calvera Hydrogen\" \/>\n<meta property=\"article:published_time\" content=\"2023-02-01T15:49:48+00:00\" \/>\n<meta property=\"article:modified_time\" content=\"2024-05-29T13:34:45+00:00\" \/>\n<meta property=\"og:image\" content=\"https:\/\/www.calvera.es\/wp-content\/uploads\/2023\/02\/Tribuna-El-Economista-2.jpg\" \/>\n\t<meta property=\"og:image:width\" content=\"574\" \/>\n\t<meta property=\"og:image:height\" content=\"562\" \/>\n\t<meta property=\"og:image:type\" content=\"image\/jpeg\" \/>\n<meta name=\"author\" content=\"Rocio\" \/>\n<meta name=\"twitter:card\" content=\"summary_large_image\" \/>\n<meta name=\"twitter:label1\" content=\"Escrito por\" \/>\n\t<meta name=\"twitter:data1\" content=\"Rocio\" \/>\n\t<meta name=\"twitter:label2\" content=\"Tiempo de lectura\" \/>\n\t<meta name=\"twitter:data2\" content=\"1 minuto\" \/>\n<script type=\"application\/ld+json\" class=\"yoast-schema-graph\">{\"@context\":\"https:\\\/\\\/schema.org\",\"@graph\":[{\"@type\":\"Article\",\"@id\":\"https:\\\/\\\/www.calvera.es\\\/es\\\/analisis-del-sector-del-hidrogeno-por-jose-luis-fernandez-bris-ceo-de-calvera-hydrogen\\\/#article\",\"isPartOf\":{\"@id\":\"https:\\\/\\\/www.calvera.es\\\/es\\\/analisis-del-sector-del-hidrogeno-por-jose-luis-fernandez-bris-ceo-de-calvera-hydrogen\\\/\"},\"author\":{\"name\":\"Rocio\",\"@id\":\"https:\\\/\\\/www.calvera.es\\\/#\\\/schema\\\/person\\\/a38c3cbd55754675638688e93144ea13\"},\"headline\":\"An\u00e1lisis del sector del hidr\u00f3geno por Jos\u00e9 Luis Fern\u00e1ndez Bris, CEO de CALVERA HYDROGEN\",\"datePublished\":\"2023-02-01T15:49:48+00:00\",\"dateModified\":\"2024-05-29T13:34:45+00:00\",\"mainEntityOfPage\":{\"@id\":\"https:\\\/\\\/www.calvera.es\\\/es\\\/analisis-del-sector-del-hidrogeno-por-jose-luis-fernandez-bris-ceo-de-calvera-hydrogen\\\/\"},\"wordCount\":78,\"image\":{\"@id\":\"https:\\\/\\\/www.calvera.es\\\/es\\\/analisis-del-sector-del-hidrogeno-por-jose-luis-fernandez-bris-ceo-de-calvera-hydrogen\\\/#primaryimage\"},\"thumbnailUrl\":\"https:\\\/\\\/www.calvera.es\\\/wp-content\\\/uploads\\\/2023\\\/02\\\/Tribuna-El-Economista-2.jpg\",\"articleSection\":[\"Calvera\"],\"inLanguage\":\"es\"},{\"@type\":\"WebPage\",\"@id\":\"https:\\\/\\\/www.calvera.es\\\/es\\\/analisis-del-sector-del-hidrogeno-por-jose-luis-fernandez-bris-ceo-de-calvera-hydrogen\\\/\",\"url\":\"https:\\\/\\\/www.calvera.es\\\/es\\\/analisis-del-sector-del-hidrogeno-por-jose-luis-fernandez-bris-ceo-de-calvera-hydrogen\\\/\",\"name\":\"An\u00e1lisis del sector del hidr\u00f3geno por Jos\u00e9 Luis Fern\u00e1ndez Bris, CEO de CALVERA HYDROGEN - Calvera Hydrogen\",\"isPartOf\":{\"@id\":\"https:\\\/\\\/www.calvera.es\\\/#website\"},\"primaryImageOfPage\":{\"@id\":\"https:\\\/\\\/www.calvera.es\\\/es\\\/analisis-del-sector-del-hidrogeno-por-jose-luis-fernandez-bris-ceo-de-calvera-hydrogen\\\/#primaryimage\"},\"image\":{\"@id\":\"https:\\\/\\\/www.calvera.es\\\/es\\\/analisis-del-sector-del-hidrogeno-por-jose-luis-fernandez-bris-ceo-de-calvera-hydrogen\\\/#primaryimage\"},\"thumbnailUrl\":\"https:\\\/\\\/www.calvera.es\\\/wp-content\\\/uploads\\\/2023\\\/02\\\/Tribuna-El-Economista-2.jpg\",\"datePublished\":\"2023-02-01T15:49:48+00:00\",\"dateModified\":\"2024-05-29T13:34:45+00:00\",\"author\":{\"@id\":\"https:\\\/\\\/www.calvera.es\\\/#\\\/schema\\\/person\\\/a38c3cbd55754675638688e93144ea13\"},\"breadcrumb\":{\"@id\":\"https:\\\/\\\/www.calvera.es\\\/es\\\/analisis-del-sector-del-hidrogeno-por-jose-luis-fernandez-bris-ceo-de-calvera-hydrogen\\\/#breadcrumb\"},\"inLanguage\":\"es\",\"potentialAction\":[{\"@type\":\"ReadAction\",\"target\":[\"https:\\\/\\\/www.calvera.es\\\/es\\\/analisis-del-sector-del-hidrogeno-por-jose-luis-fernandez-bris-ceo-de-calvera-hydrogen\\\/\"]}]},{\"@type\":\"ImageObject\",\"inLanguage\":\"es\",\"@id\":\"https:\\\/\\\/www.calvera.es\\\/es\\\/analisis-del-sector-del-hidrogeno-por-jose-luis-fernandez-bris-ceo-de-calvera-hydrogen\\\/#primaryimage\",\"url\":\"https:\\\/\\\/www.calvera.es\\\/wp-content\\\/uploads\\\/2023\\\/02\\\/Tribuna-El-Economista-2.jpg\",\"contentUrl\":\"https:\\\/\\\/www.calvera.es\\\/wp-content\\\/uploads\\\/2023\\\/02\\\/Tribuna-El-Economista-2.jpg\",\"width\":574,\"height\":562},{\"@type\":\"BreadcrumbList\",\"@id\":\"https:\\\/\\\/www.calvera.es\\\/es\\\/analisis-del-sector-del-hidrogeno-por-jose-luis-fernandez-bris-ceo-de-calvera-hydrogen\\\/#breadcrumb\",\"itemListElement\":[{\"@type\":\"ListItem\",\"position\":1,\"name\":\"Portada\",\"item\":\"https:\\\/\\\/www.calvera.es\\\/es\\\/\"},{\"@type\":\"ListItem\",\"position\":2,\"name\":\"An\u00e1lisis del sector del hidr\u00f3geno por Jos\u00e9 Luis Fern\u00e1ndez Bris, CEO de CALVERA HYDROGEN\"}]},{\"@type\":\"WebSite\",\"@id\":\"https:\\\/\\\/www.calvera.es\\\/#website\",\"url\":\"https:\\\/\\\/www.calvera.es\\\/\",\"name\":\"Calvera Hydrogen\",\"description\":\"Design and manufacture of hydrogen, biomethane and other gases infrastructure equipment\",\"potentialAction\":[{\"@type\":\"SearchAction\",\"target\":{\"@type\":\"EntryPoint\",\"urlTemplate\":\"https:\\\/\\\/www.calvera.es\\\/?s={search_term_string}\"},\"query-input\":{\"@type\":\"PropertyValueSpecification\",\"valueRequired\":true,\"valueName\":\"search_term_string\"}}],\"inLanguage\":\"es\"},{\"@type\":\"Person\",\"@id\":\"https:\\\/\\\/www.calvera.es\\\/#\\\/schema\\\/person\\\/a38c3cbd55754675638688e93144ea13\",\"name\":\"Rocio\",\"image\":{\"@type\":\"ImageObject\",\"inLanguage\":\"es\",\"@id\":\"https:\\\/\\\/secure.gravatar.com\\\/avatar\\\/60ebf3635fffe3032aba22d33ca50491f75ab8e29b0036d9a4aee344593692d4?s=96&d=mm&r=g\",\"url\":\"https:\\\/\\\/secure.gravatar.com\\\/avatar\\\/60ebf3635fffe3032aba22d33ca50491f75ab8e29b0036d9a4aee344593692d4?s=96&d=mm&r=g\",\"contentUrl\":\"https:\\\/\\\/secure.gravatar.com\\\/avatar\\\/60ebf3635fffe3032aba22d33ca50491f75ab8e29b0036d9a4aee344593692d4?s=96&d=mm&r=g\",\"caption\":\"Rocio\"},\"url\":\"https:\\\/\\\/www.calvera.es\\\/es\\\/author\\\/rocio\\\/\"}]}<\/script>\n<!-- \/ Yoast SEO plugin. -->","yoast_head_json":{"title":"An\u00e1lisis del sector del hidr\u00f3geno por Jos\u00e9 Luis Fern\u00e1ndez Bris, CEO de CALVERA HYDROGEN - Calvera Hydrogen","robots":{"index":"index","follow":"follow","max-snippet":"max-snippet:-1","max-image-preview":"max-image-preview:large","max-video-preview":"max-video-preview:-1"},"canonical":"https:\/\/www.calvera.es\/es\/analisis-del-sector-del-hidrogeno-por-jose-luis-fernandez-bris-ceo-de-calvera-hydrogen\/","og_locale":"es_ES","og_type":"article","og_title":"An\u00e1lisis del sector del hidr\u00f3geno por Jos\u00e9 Luis Fern\u00e1ndez Bris, CEO de CALVERA HYDROGEN - Calvera Hydrogen","og_description":"Art\u00edculo de opini\u00f3n de Jos\u00e9 Luis Fern\u00e1ndez Bris, CEO de CALVERA HYDROGEN, en El Economista Energ\u00eda, en el que habla [&hellip;]","og_url":"https:\/\/www.calvera.es\/es\/analisis-del-sector-del-hidrogeno-por-jose-luis-fernandez-bris-ceo-de-calvera-hydrogen\/","og_site_name":"Calvera Hydrogen","article_published_time":"2023-02-01T15:49:48+00:00","article_modified_time":"2024-05-29T13:34:45+00:00","og_image":[{"width":574,"height":562,"url":"https:\/\/www.calvera.es\/wp-content\/uploads\/2023\/02\/Tribuna-El-Economista-2.jpg","type":"image\/jpeg"}],"author":"Rocio","twitter_card":"summary_large_image","twitter_misc":{"Escrito por":"Rocio","Tiempo de lectura":"1 minuto"},"schema":{"@context":"https:\/\/schema.org","@graph":[{"@type":"Article","@id":"https:\/\/www.calvera.es\/es\/analisis-del-sector-del-hidrogeno-por-jose-luis-fernandez-bris-ceo-de-calvera-hydrogen\/#article","isPartOf":{"@id":"https:\/\/www.calvera.es\/es\/analisis-del-sector-del-hidrogeno-por-jose-luis-fernandez-bris-ceo-de-calvera-hydrogen\/"},"author":{"name":"Rocio","@id":"https:\/\/www.calvera.es\/#\/schema\/person\/a38c3cbd55754675638688e93144ea13"},"headline":"An\u00e1lisis del sector del hidr\u00f3geno por Jos\u00e9 Luis Fern\u00e1ndez Bris, CEO de CALVERA HYDROGEN","datePublished":"2023-02-01T15:49:48+00:00","dateModified":"2024-05-29T13:34:45+00:00","mainEntityOfPage":{"@id":"https:\/\/www.calvera.es\/es\/analisis-del-sector-del-hidrogeno-por-jose-luis-fernandez-bris-ceo-de-calvera-hydrogen\/"},"wordCount":78,"image":{"@id":"https:\/\/www.calvera.es\/es\/analisis-del-sector-del-hidrogeno-por-jose-luis-fernandez-bris-ceo-de-calvera-hydrogen\/#primaryimage"},"thumbnailUrl":"https:\/\/www.calvera.es\/wp-content\/uploads\/2023\/02\/Tribuna-El-Economista-2.jpg","articleSection":["Calvera"],"inLanguage":"es"},{"@type":"WebPage","@id":"https:\/\/www.calvera.es\/es\/analisis-del-sector-del-hidrogeno-por-jose-luis-fernandez-bris-ceo-de-calvera-hydrogen\/","url":"https:\/\/www.calvera.es\/es\/analisis-del-sector-del-hidrogeno-por-jose-luis-fernandez-bris-ceo-de-calvera-hydrogen\/","name":"An\u00e1lisis del sector del hidr\u00f3geno por Jos\u00e9 Luis Fern\u00e1ndez Bris, CEO de CALVERA HYDROGEN - Calvera Hydrogen","isPartOf":{"@id":"https:\/\/www.calvera.es\/#website"},"primaryImageOfPage":{"@id":"https:\/\/www.calvera.es\/es\/analisis-del-sector-del-hidrogeno-por-jose-luis-fernandez-bris-ceo-de-calvera-hydrogen\/#primaryimage"},"image":{"@id":"https:\/\/www.calvera.es\/es\/analisis-del-sector-del-hidrogeno-por-jose-luis-fernandez-bris-ceo-de-calvera-hydrogen\/#primaryimage"},"thumbnailUrl":"https:\/\/www.calvera.es\/wp-content\/uploads\/2023\/02\/Tribuna-El-Economista-2.jpg","datePublished":"2023-02-01T15:49:48+00:00","dateModified":"2024-05-29T13:34:45+00:00","author":{"@id":"https:\/\/www.calvera.es\/#\/schema\/person\/a38c3cbd55754675638688e93144ea13"},"breadcrumb":{"@id":"https:\/\/www.calvera.es\/es\/analisis-del-sector-del-hidrogeno-por-jose-luis-fernandez-bris-ceo-de-calvera-hydrogen\/#breadcrumb"},"inLanguage":"es","potentialAction":[{"@type":"ReadAction","target":["https:\/\/www.calvera.es\/es\/analisis-del-sector-del-hidrogeno-por-jose-luis-fernandez-bris-ceo-de-calvera-hydrogen\/"]}]},{"@type":"ImageObject","inLanguage":"es","@id":"https:\/\/www.calvera.es\/es\/analisis-del-sector-del-hidrogeno-por-jose-luis-fernandez-bris-ceo-de-calvera-hydrogen\/#primaryimage","url":"https:\/\/www.calvera.es\/wp-content\/uploads\/2023\/02\/Tribuna-El-Economista-2.jpg","contentUrl":"https:\/\/www.calvera.es\/wp-content\/uploads\/2023\/02\/Tribuna-El-Economista-2.jpg","width":574,"height":562},{"@type":"BreadcrumbList","@id":"https:\/\/www.calvera.es\/es\/analisis-del-sector-del-hidrogeno-por-jose-luis-fernandez-bris-ceo-de-calvera-hydrogen\/#breadcrumb","itemListElement":[{"@type":"ListItem","position":1,"name":"Portada","item":"https:\/\/www.calvera.es\/es\/"},{"@type":"ListItem","position":2,"name":"An\u00e1lisis del sector del hidr\u00f3geno por Jos\u00e9 Luis Fern\u00e1ndez Bris, CEO de CALVERA HYDROGEN"}]},{"@type":"WebSite","@id":"https:\/\/www.calvera.es\/#website","url":"https:\/\/www.calvera.es\/","name":"Calvera Hydrogen","description":"Design and manufacture of hydrogen, biomethane and other gases infrastructure equipment","potentialAction":[{"@type":"SearchAction","target":{"@type":"EntryPoint","urlTemplate":"https:\/\/www.calvera.es\/?s={search_term_string}"},"query-input":{"@type":"PropertyValueSpecification","valueRequired":true,"valueName":"search_term_string"}}],"inLanguage":"es"},{"@type":"Person","@id":"https:\/\/www.calvera.es\/#\/schema\/person\/a38c3cbd55754675638688e93144ea13","name":"Rocio","image":{"@type":"ImageObject","inLanguage":"es","@id":"https:\/\/secure.gravatar.com\/avatar\/60ebf3635fffe3032aba22d33ca50491f75ab8e29b0036d9a4aee344593692d4?s=96&d=mm&r=g","url":"https:\/\/secure.gravatar.com\/avatar\/60ebf3635fffe3032aba22d33ca50491f75ab8e29b0036d9a4aee344593692d4?s=96&d=mm&r=g","contentUrl":"https:\/\/secure.gravatar.com\/avatar\/60ebf3635fffe3032aba22d33ca50491f75ab8e29b0036d9a4aee344593692d4?s=96&d=mm&r=g","caption":"Rocio"},"url":"https:\/\/www.calvera.es\/es\/author\/rocio\/"}]}},"_links":{"self":[{"href":"https:\/\/www.calvera.es\/es\/wp-json\/wp\/v2\/posts\/9389","targetHints":{"allow":["GET"]}}],"collection":[{"href":"https:\/\/www.calvera.es\/es\/wp-json\/wp\/v2\/posts"}],"about":[{"href":"https:\/\/www.calvera.es\/es\/wp-json\/wp\/v2\/types\/post"}],"author":[{"embeddable":true,"href":"https:\/\/www.calvera.es\/es\/wp-json\/wp\/v2\/users\/3"}],"replies":[{"embeddable":true,"href":"https:\/\/www.calvera.es\/es\/wp-json\/wp\/v2\/comments?post=9389"}],"version-history":[{"count":0,"href":"https:\/\/www.calvera.es\/es\/wp-json\/wp\/v2\/posts\/9389\/revisions"}],"wp:featuredmedia":[{"embeddable":true,"href":"https:\/\/www.calvera.es\/es\/wp-json\/wp\/v2\/media\/9384"}],"wp:attachment":[{"href":"https:\/\/www.calvera.es\/es\/wp-json\/wp\/v2\/media?parent=9389"}],"wp:term":[{"taxonomy":"category","embeddable":true,"href":"https:\/\/www.calvera.es\/es\/wp-json\/wp\/v2\/categories?post=9389"},{"taxonomy":"post_tag","embeddable":true,"href":"https:\/\/www.calvera.es\/es\/wp-json\/wp\/v2\/tags?post=9389"}],"curies":[{"name":"wp","href":"https:\/\/api.w.org\/{rel}","templated":true}]}}