{"id":9357,"date":"2023-01-17T12:22:03","date_gmt":"2023-01-17T12:22:03","guid":{"rendered":"https:\/\/www.calvera.es\/?p=9357"},"modified":"2024-05-29T13:48:52","modified_gmt":"2024-05-29T13:48:52","slug":"calvera-hydrogen-participa-en-el-proyecto-del-puerto-del-hidrogeno-en-valencia","status":"publish","type":"post","link":"https:\/\/www.calvera.es\/es\/calvera-hydrogen-participa-en-el-proyecto-del-puerto-del-hidrogeno-en-valencia\/","title":{"rendered":"CALVERA HYDROGEN participa en el proyecto del Puerto del Hidr\u00f3geno en Valencia"},"content":{"rendered":"<p>Val\u00e8ncia es el Puerto del Hidr\u00f3geno. El recinto valenciano ha recibido la primera carga de hidr\u00f3geno (H2) para abastecer la estaci\u00f3n de suministro ubicada en el muelle de la Xit\u00e0. Un hito hist\u00f3rico que lo posiciona como el <strong>primer puerto de Europa en tener una instalaci\u00f3n de hidr\u00f3geno en condiciones de operatividad real<\/strong>. Es la \u00fanica instalaci\u00f3n capaz de abastecer las necesidades de las terminales a trav\u00e9s de la hidrogenera m\u00f3vil y el tanque fijo que almacena este combustible. Un punto de inflexi\u00f3n para la comunidad portuaria y los puertos europeos para empezar a testar uno de los combustibles del futuro.<\/p>\n<p>CALVERA HYDROGEN ha participado en este proyecto aportando una hidrogenera m\u00f3vil con dispensador, colocada sobre un chasis y de aplicaci\u00f3n en cualquier ubicaci\u00f3n. Esta hidrogenera tiene una capacidad de llenado de varios veh\u00edculos seguidos de hidr\u00f3geno a 350 bar.<\/p>\n<p><a href=\"https:\/\/www.valenciaport.com\/valencia-puerto-del-hidrogeno\/\">https:\/\/www.valenciaport.com\/valencia-puerto-del-hidrogeno\/<\/a><\/p>\n","protected":false},"excerpt":{"rendered":"<p>Val\u00e8ncia es el Puerto del Hidr\u00f3geno. El recinto valenciano ha recibido la primera carga de hidr\u00f3geno (H2) para abastecer la [&hellip;]<\/p>\n","protected":false},"author":3,"featured_media":9359,"comment_status":"closed","ping_status":"closed","sticky":false,"template":"","format":"standard","meta":{"footnotes":""},"categories":[28],"tags":[],"class_list":["post-9357","post","type-post","status-publish","format-standard","has-post-thumbnail","hentry","category-calvera"],"yoast_head":"<!-- This site is optimized with the Yoast SEO plugin v27.3 - https:\/\/yoast.com\/product\/yoast-seo-wordpress\/ -->\n<title>CALVERA HYDROGEN participa en el proyecto del Puerto del Hidr\u00f3geno en Valencia - Calvera Hydrogen<\/title>\n<meta name=\"description\" content=\"Calvera Hydrogen ha participado en este proyecto aportando una hidrogenera m\u00f3vil con dispensador y una capacidad de llenado a 350 bar.\" \/>\n<meta name=\"robots\" content=\"index, follow, max-snippet:-1, max-image-preview:large, max-video-preview:-1\" \/>\n<link rel=\"canonical\" href=\"https:\/\/www.calvera.es\/es\/calvera-hydrogen-participa-en-el-proyecto-del-puerto-del-hidrogeno-en-valencia\/\" \/>\n<meta property=\"og:locale\" content=\"es_ES\" \/>\n<meta property=\"og:type\" content=\"article\" \/>\n<meta property=\"og:title\" content=\"CALVERA HYDROGEN participa en el proyecto del Puerto del Hidr\u00f3geno en Valencia - Calvera Hydrogen\" \/>\n<meta property=\"og:description\" content=\"Calvera Hydrogen ha participado en este proyecto aportando una hidrogenera m\u00f3vil con dispensador y una capacidad de llenado a 350 bar.\" \/>\n<meta property=\"og:url\" content=\"https:\/\/www.calvera.es\/es\/calvera-hydrogen-participa-en-el-proyecto-del-puerto-del-hidrogeno-en-valencia\/\" \/>\n<meta property=\"og:site_name\" content=\"Calvera Hydrogen\" \/>\n<meta property=\"article:published_time\" content=\"2023-01-17T12:22:03+00:00\" \/>\n<meta property=\"article:modified_time\" content=\"2024-05-29T13:48:52+00:00\" \/>\n<meta property=\"og:image\" content=\"https:\/\/www.calvera.es\/wp-content\/uploads\/2023\/02\/170123-Hidrogenera-4-1000x650-1.jpg\" \/>\n\t<meta property=\"og:image:width\" content=\"1000\" \/>\n\t<meta property=\"og:image:height\" content=\"600\" \/>\n\t<meta property=\"og:image:type\" content=\"image\/jpeg\" \/>\n<meta name=\"author\" content=\"Rocio\" \/>\n<meta name=\"twitter:card\" content=\"summary_large_image\" \/>\n<meta name=\"twitter:label1\" content=\"Escrito por\" \/>\n\t<meta name=\"twitter:data1\" content=\"Rocio\" \/>\n\t<meta name=\"twitter:label2\" content=\"Tiempo de lectura\" \/>\n\t<meta name=\"twitter:data2\" content=\"1 minuto\" \/>\n<script type=\"application\/ld+json\" class=\"yoast-schema-graph\">{\"@context\":\"https:\\\/\\\/schema.org\",\"@graph\":[{\"@type\":\"Article\",\"@id\":\"https:\\\/\\\/www.calvera.es\\\/es\\\/calvera-hydrogen-participa-en-el-proyecto-del-puerto-del-hidrogeno-en-valencia\\\/#article\",\"isPartOf\":{\"@id\":\"https:\\\/\\\/www.calvera.es\\\/es\\\/calvera-hydrogen-participa-en-el-proyecto-del-puerto-del-hidrogeno-en-valencia\\\/\"},\"author\":{\"name\":\"Rocio\",\"@id\":\"https:\\\/\\\/www.calvera.es\\\/#\\\/schema\\\/person\\\/a38c3cbd55754675638688e93144ea13\"},\"headline\":\"CALVERA HYDROGEN participa en el proyecto del Puerto del Hidr\u00f3geno en Valencia\",\"datePublished\":\"2023-01-17T12:22:03+00:00\",\"dateModified\":\"2024-05-29T13:48:52+00:00\",\"mainEntityOfPage\":{\"@id\":\"https:\\\/\\\/www.calvera.es\\\/es\\\/calvera-hydrogen-participa-en-el-proyecto-del-puerto-del-hidrogeno-en-valencia\\\/\"},\"wordCount\":173,\"image\":{\"@id\":\"https:\\\/\\\/www.calvera.es\\\/es\\\/calvera-hydrogen-participa-en-el-proyecto-del-puerto-del-hidrogeno-en-valencia\\\/#primaryimage\"},\"thumbnailUrl\":\"https:\\\/\\\/www.calvera.es\\\/wp-content\\\/uploads\\\/2023\\\/02\\\/170123-Hidrogenera-4-1000x650-1.jpg\",\"articleSection\":[\"Calvera\"],\"inLanguage\":\"es\"},{\"@type\":\"WebPage\",\"@id\":\"https:\\\/\\\/www.calvera.es\\\/es\\\/calvera-hydrogen-participa-en-el-proyecto-del-puerto-del-hidrogeno-en-valencia\\\/\",\"url\":\"https:\\\/\\\/www.calvera.es\\\/es\\\/calvera-hydrogen-participa-en-el-proyecto-del-puerto-del-hidrogeno-en-valencia\\\/\",\"name\":\"CALVERA HYDROGEN participa en el proyecto del Puerto del Hidr\u00f3geno en Valencia - Calvera Hydrogen\",\"isPartOf\":{\"@id\":\"https:\\\/\\\/www.calvera.es\\\/#website\"},\"primaryImageOfPage\":{\"@id\":\"https:\\\/\\\/www.calvera.es\\\/es\\\/calvera-hydrogen-participa-en-el-proyecto-del-puerto-del-hidrogeno-en-valencia\\\/#primaryimage\"},\"image\":{\"@id\":\"https:\\\/\\\/www.calvera.es\\\/es\\\/calvera-hydrogen-participa-en-el-proyecto-del-puerto-del-hidrogeno-en-valencia\\\/#primaryimage\"},\"thumbnailUrl\":\"https:\\\/\\\/www.calvera.es\\\/wp-content\\\/uploads\\\/2023\\\/02\\\/170123-Hidrogenera-4-1000x650-1.jpg\",\"datePublished\":\"2023-01-17T12:22:03+00:00\",\"dateModified\":\"2024-05-29T13:48:52+00:00\",\"author\":{\"@id\":\"https:\\\/\\\/www.calvera.es\\\/#\\\/schema\\\/person\\\/a38c3cbd55754675638688e93144ea13\"},\"description\":\"Calvera Hydrogen ha participado en este proyecto aportando una hidrogenera m\u00f3vil con dispensador y una capacidad de llenado a 350 bar.\",\"breadcrumb\":{\"@id\":\"https:\\\/\\\/www.calvera.es\\\/es\\\/calvera-hydrogen-participa-en-el-proyecto-del-puerto-del-hidrogeno-en-valencia\\\/#breadcrumb\"},\"inLanguage\":\"es\",\"potentialAction\":[{\"@type\":\"ReadAction\",\"target\":[\"https:\\\/\\\/www.calvera.es\\\/es\\\/calvera-hydrogen-participa-en-el-proyecto-del-puerto-del-hidrogeno-en-valencia\\\/\"]}]},{\"@type\":\"ImageObject\",\"inLanguage\":\"es\",\"@id\":\"https:\\\/\\\/www.calvera.es\\\/es\\\/calvera-hydrogen-participa-en-el-proyecto-del-puerto-del-hidrogeno-en-valencia\\\/#primaryimage\",\"url\":\"https:\\\/\\\/www.calvera.es\\\/wp-content\\\/uploads\\\/2023\\\/02\\\/170123-Hidrogenera-4-1000x650-1.jpg\",\"contentUrl\":\"https:\\\/\\\/www.calvera.es\\\/wp-content\\\/uploads\\\/2023\\\/02\\\/170123-Hidrogenera-4-1000x650-1.jpg\",\"width\":1000,\"height\":600},{\"@type\":\"BreadcrumbList\",\"@id\":\"https:\\\/\\\/www.calvera.es\\\/es\\\/calvera-hydrogen-participa-en-el-proyecto-del-puerto-del-hidrogeno-en-valencia\\\/#breadcrumb\",\"itemListElement\":[{\"@type\":\"ListItem\",\"position\":1,\"name\":\"Portada\",\"item\":\"https:\\\/\\\/www.calvera.es\\\/es\\\/\"},{\"@type\":\"ListItem\",\"position\":2,\"name\":\"CALVERA HYDROGEN participa en el proyecto del Puerto del Hidr\u00f3geno en Valencia\"}]},{\"@type\":\"WebSite\",\"@id\":\"https:\\\/\\\/www.calvera.es\\\/#website\",\"url\":\"https:\\\/\\\/www.calvera.es\\\/\",\"name\":\"Calvera Hydrogen\",\"description\":\"Design and manufacture of hydrogen, biomethane and other gases infrastructure equipment\",\"potentialAction\":[{\"@type\":\"SearchAction\",\"target\":{\"@type\":\"EntryPoint\",\"urlTemplate\":\"https:\\\/\\\/www.calvera.es\\\/?s={search_term_string}\"},\"query-input\":{\"@type\":\"PropertyValueSpecification\",\"valueRequired\":true,\"valueName\":\"search_term_string\"}}],\"inLanguage\":\"es\"},{\"@type\":\"Person\",\"@id\":\"https:\\\/\\\/www.calvera.es\\\/#\\\/schema\\\/person\\\/a38c3cbd55754675638688e93144ea13\",\"name\":\"Rocio\",\"image\":{\"@type\":\"ImageObject\",\"inLanguage\":\"es\",\"@id\":\"https:\\\/\\\/secure.gravatar.com\\\/avatar\\\/60ebf3635fffe3032aba22d33ca50491f75ab8e29b0036d9a4aee344593692d4?s=96&d=mm&r=g\",\"url\":\"https:\\\/\\\/secure.gravatar.com\\\/avatar\\\/60ebf3635fffe3032aba22d33ca50491f75ab8e29b0036d9a4aee344593692d4?s=96&d=mm&r=g\",\"contentUrl\":\"https:\\\/\\\/secure.gravatar.com\\\/avatar\\\/60ebf3635fffe3032aba22d33ca50491f75ab8e29b0036d9a4aee344593692d4?s=96&d=mm&r=g\",\"caption\":\"Rocio\"},\"url\":\"https:\\\/\\\/www.calvera.es\\\/es\\\/author\\\/rocio\\\/\"}]}<\/script>\n<!-- \/ Yoast SEO plugin. -->","yoast_head_json":{"title":"CALVERA HYDROGEN participa en el proyecto del Puerto del Hidr\u00f3geno en Valencia - Calvera Hydrogen","description":"Calvera Hydrogen ha participado en este proyecto aportando una hidrogenera m\u00f3vil con dispensador y una capacidad de llenado a 350 bar.","robots":{"index":"index","follow":"follow","max-snippet":"max-snippet:-1","max-image-preview":"max-image-preview:large","max-video-preview":"max-video-preview:-1"},"canonical":"https:\/\/www.calvera.es\/es\/calvera-hydrogen-participa-en-el-proyecto-del-puerto-del-hidrogeno-en-valencia\/","og_locale":"es_ES","og_type":"article","og_title":"CALVERA HYDROGEN participa en el proyecto del Puerto del Hidr\u00f3geno en Valencia - Calvera Hydrogen","og_description":"Calvera Hydrogen ha participado en este proyecto aportando una hidrogenera m\u00f3vil con dispensador y una capacidad de llenado a 350 bar.","og_url":"https:\/\/www.calvera.es\/es\/calvera-hydrogen-participa-en-el-proyecto-del-puerto-del-hidrogeno-en-valencia\/","og_site_name":"Calvera Hydrogen","article_published_time":"2023-01-17T12:22:03+00:00","article_modified_time":"2024-05-29T13:48:52+00:00","og_image":[{"width":1000,"height":600,"url":"https:\/\/www.calvera.es\/wp-content\/uploads\/2023\/02\/170123-Hidrogenera-4-1000x650-1.jpg","type":"image\/jpeg"}],"author":"Rocio","twitter_card":"summary_large_image","twitter_misc":{"Escrito por":"Rocio","Tiempo de lectura":"1 minuto"},"schema":{"@context":"https:\/\/schema.org","@graph":[{"@type":"Article","@id":"https:\/\/www.calvera.es\/es\/calvera-hydrogen-participa-en-el-proyecto-del-puerto-del-hidrogeno-en-valencia\/#article","isPartOf":{"@id":"https:\/\/www.calvera.es\/es\/calvera-hydrogen-participa-en-el-proyecto-del-puerto-del-hidrogeno-en-valencia\/"},"author":{"name":"Rocio","@id":"https:\/\/www.calvera.es\/#\/schema\/person\/a38c3cbd55754675638688e93144ea13"},"headline":"CALVERA HYDROGEN participa en el proyecto del Puerto del Hidr\u00f3geno en Valencia","datePublished":"2023-01-17T12:22:03+00:00","dateModified":"2024-05-29T13:48:52+00:00","mainEntityOfPage":{"@id":"https:\/\/www.calvera.es\/es\/calvera-hydrogen-participa-en-el-proyecto-del-puerto-del-hidrogeno-en-valencia\/"},"wordCount":173,"image":{"@id":"https:\/\/www.calvera.es\/es\/calvera-hydrogen-participa-en-el-proyecto-del-puerto-del-hidrogeno-en-valencia\/#primaryimage"},"thumbnailUrl":"https:\/\/www.calvera.es\/wp-content\/uploads\/2023\/02\/170123-Hidrogenera-4-1000x650-1.jpg","articleSection":["Calvera"],"inLanguage":"es"},{"@type":"WebPage","@id":"https:\/\/www.calvera.es\/es\/calvera-hydrogen-participa-en-el-proyecto-del-puerto-del-hidrogeno-en-valencia\/","url":"https:\/\/www.calvera.es\/es\/calvera-hydrogen-participa-en-el-proyecto-del-puerto-del-hidrogeno-en-valencia\/","name":"CALVERA HYDROGEN participa en el proyecto del Puerto del Hidr\u00f3geno en Valencia - Calvera Hydrogen","isPartOf":{"@id":"https:\/\/www.calvera.es\/#website"},"primaryImageOfPage":{"@id":"https:\/\/www.calvera.es\/es\/calvera-hydrogen-participa-en-el-proyecto-del-puerto-del-hidrogeno-en-valencia\/#primaryimage"},"image":{"@id":"https:\/\/www.calvera.es\/es\/calvera-hydrogen-participa-en-el-proyecto-del-puerto-del-hidrogeno-en-valencia\/#primaryimage"},"thumbnailUrl":"https:\/\/www.calvera.es\/wp-content\/uploads\/2023\/02\/170123-Hidrogenera-4-1000x650-1.jpg","datePublished":"2023-01-17T12:22:03+00:00","dateModified":"2024-05-29T13:48:52+00:00","author":{"@id":"https:\/\/www.calvera.es\/#\/schema\/person\/a38c3cbd55754675638688e93144ea13"},"description":"Calvera Hydrogen ha participado en este proyecto aportando una hidrogenera m\u00f3vil con dispensador y una capacidad de llenado a 350 bar.","breadcrumb":{"@id":"https:\/\/www.calvera.es\/es\/calvera-hydrogen-participa-en-el-proyecto-del-puerto-del-hidrogeno-en-valencia\/#breadcrumb"},"inLanguage":"es","potentialAction":[{"@type":"ReadAction","target":["https:\/\/www.calvera.es\/es\/calvera-hydrogen-participa-en-el-proyecto-del-puerto-del-hidrogeno-en-valencia\/"]}]},{"@type":"ImageObject","inLanguage":"es","@id":"https:\/\/www.calvera.es\/es\/calvera-hydrogen-participa-en-el-proyecto-del-puerto-del-hidrogeno-en-valencia\/#primaryimage","url":"https:\/\/www.calvera.es\/wp-content\/uploads\/2023\/02\/170123-Hidrogenera-4-1000x650-1.jpg","contentUrl":"https:\/\/www.calvera.es\/wp-content\/uploads\/2023\/02\/170123-Hidrogenera-4-1000x650-1.jpg","width":1000,"height":600},{"@type":"BreadcrumbList","@id":"https:\/\/www.calvera.es\/es\/calvera-hydrogen-participa-en-el-proyecto-del-puerto-del-hidrogeno-en-valencia\/#breadcrumb","itemListElement":[{"@type":"ListItem","position":1,"name":"Portada","item":"https:\/\/www.calvera.es\/es\/"},{"@type":"ListItem","position":2,"name":"CALVERA HYDROGEN participa en el proyecto del Puerto del Hidr\u00f3geno en Valencia"}]},{"@type":"WebSite","@id":"https:\/\/www.calvera.es\/#website","url":"https:\/\/www.calvera.es\/","name":"Calvera Hydrogen","description":"Design and manufacture of hydrogen, biomethane and other gases infrastructure equipment","potentialAction":[{"@type":"SearchAction","target":{"@type":"EntryPoint","urlTemplate":"https:\/\/www.calvera.es\/?s={search_term_string}"},"query-input":{"@type":"PropertyValueSpecification","valueRequired":true,"valueName":"search_term_string"}}],"inLanguage":"es"},{"@type":"Person","@id":"https:\/\/www.calvera.es\/#\/schema\/person\/a38c3cbd55754675638688e93144ea13","name":"Rocio","image":{"@type":"ImageObject","inLanguage":"es","@id":"https:\/\/secure.gravatar.com\/avatar\/60ebf3635fffe3032aba22d33ca50491f75ab8e29b0036d9a4aee344593692d4?s=96&d=mm&r=g","url":"https:\/\/secure.gravatar.com\/avatar\/60ebf3635fffe3032aba22d33ca50491f75ab8e29b0036d9a4aee344593692d4?s=96&d=mm&r=g","contentUrl":"https:\/\/secure.gravatar.com\/avatar\/60ebf3635fffe3032aba22d33ca50491f75ab8e29b0036d9a4aee344593692d4?s=96&d=mm&r=g","caption":"Rocio"},"url":"https:\/\/www.calvera.es\/es\/author\/rocio\/"}]}},"_links":{"self":[{"href":"https:\/\/www.calvera.es\/es\/wp-json\/wp\/v2\/posts\/9357","targetHints":{"allow":["GET"]}}],"collection":[{"href":"https:\/\/www.calvera.es\/es\/wp-json\/wp\/v2\/posts"}],"about":[{"href":"https:\/\/www.calvera.es\/es\/wp-json\/wp\/v2\/types\/post"}],"author":[{"embeddable":true,"href":"https:\/\/www.calvera.es\/es\/wp-json\/wp\/v2\/users\/3"}],"replies":[{"embeddable":true,"href":"https:\/\/www.calvera.es\/es\/wp-json\/wp\/v2\/comments?post=9357"}],"version-history":[{"count":0,"href":"https:\/\/www.calvera.es\/es\/wp-json\/wp\/v2\/posts\/9357\/revisions"}],"wp:featuredmedia":[{"embeddable":true,"href":"https:\/\/www.calvera.es\/es\/wp-json\/wp\/v2\/media\/9359"}],"wp:attachment":[{"href":"https:\/\/www.calvera.es\/es\/wp-json\/wp\/v2\/media?parent=9357"}],"wp:term":[{"taxonomy":"category","embeddable":true,"href":"https:\/\/www.calvera.es\/es\/wp-json\/wp\/v2\/categories?post=9357"},{"taxonomy":"post_tag","embeddable":true,"href":"https:\/\/www.calvera.es\/es\/wp-json\/wp\/v2\/tags?post=9357"}],"curies":[{"name":"wp","href":"https:\/\/api.w.org\/{rel}","templated":true}]}}