{"id":9295,"date":"2021-08-24T11:34:14","date_gmt":"2021-08-24T11:34:14","guid":{"rendered":"https:\/\/www.calvera.es\/?p=9295"},"modified":"2023-02-16T15:53:08","modified_gmt":"2023-02-16T15:53:08","slug":"chile-inaugura-su-primera-estacion-de-hidrogeno-verde-para-vehiculos-de-faena-minera","status":"publish","type":"post","link":"https:\/\/www.calvera.es\/es\/chile-inaugura-su-primera-estacion-de-hidrogeno-verde-para-vehiculos-de-faena-minera\/","title":{"rendered":"Chile inaugura su primera estaci\u00f3n de hidr\u00f3geno verde para veh\u00edculos de faena minera"},"content":{"rendered":"<h3>La \u2018hidrogenera\u2019 fue estrenada por el presidente Sebasti\u00e1n Pi\u00f1era, quien destac\u00f3 que \u201cChile tiene un gigantesco potencial para transformarse en un pa\u00eds l\u00edder en el mundo en la producci\u00f3n de hidr\u00f3geno verde\u201d.<\/h3>\n<blockquote><p>Noticia de: <a href=\"https:\/\/actualidad.rt.com\/actualidad\/401841-chile-inaugurar-primera-estacion-hidrogeno-verde\/amp\">actualidad.rt.com<\/a><\/p><\/blockquote>\n<p>En Chile fue inaugurada la primera estaci\u00f3n de servicio de hidr\u00f3geno verde (H2v), denominada \u2018hidrogenera\u2019, que servir\u00e1 para surtir a veh\u00edculos que se utilizan en la faena de la industria minera.<\/p>\n<p>El proyecto es de\u00a0la minera inglesa Anglo American, desarrollado en su planta de Las T\u00f3rtolas,\u00a0localizada en la comuna de Colina, provincia de Chacabuco, en la Regi\u00f3n Metropolitana de Santiago.<\/p>\n<p>En esta \u2018hidrogenera\u2019, seg\u00fan se\u00a0<a href=\"https:\/\/twitter.com\/i\/broadcasts\/1MYGNmMNdRNKw?ref_src=twsrc%5Etfw%7Ctwcamp%5Etweetembed%7Ctwterm%5E1429864754164686857%7Ctwgr%5E%7Ctwcon%5Es1_&amp;ref_url=https%3A%2F%2Fmundo.sputniknews.com%2F20210823%2Fchile-comienza-a-producir-por-primera-vez-hidrogeno-verde-para-la-mineria-1115336564.html\" target=\"_blank\" rel=\"noopener noreferrer\">inform\u00f3<\/a>\u00a0en el acto de inauguraci\u00f3n,\u00a0<strong>se produjo la primera mol\u00e9cula de hidr\u00f3geno verde de Chile<\/strong>, que servir\u00e1 como fuente de energ\u00eda para descarbonizar la potente industria minera chilena y esperan que se convierta en un producto de exportaci\u00f3n.<\/p>\n<p>La \u2018hidrogenera\u2019 fue estrenada por el presidente chileno, Sebasti\u00e1n Pi\u00f1era, quien destac\u00f3 que \u201cChile tiene un gigantesco potencial para transformarse en un pa\u00eds l\u00edder en el mundo en la producci\u00f3n de hidr\u00f3geno verde\u201d.<\/p>\n<p>\u201c<strong>La meta es desarrollar una industria que exporte m\u00e1s de 30.000 millones de d\u00f3lares al a\u00f1o<\/strong>, un nivel cercano a las exportaciones actuales de cobre\u201d, indic\u00f3 el mandatario.<\/p>\n<p>Pi\u00f1era\u00a0resalt\u00f3 los beneficios del uso del hidr\u00f3geno verde en la industria minera, como, por ejemplo, \u201creduciendo el consumo de di\u00e9sel\u201d.<\/p>\n<p>\u201cEste es un combustible limpio, transportable, competitivo y sustentable, que nos permitir\u00e1 una gran reducci\u00f3n en las emisiones de CO2\u201d, enfatiz\u00f3 el presidente, quien se\u00f1al\u00f3 que con este aporte, el pa\u00eds est\u00e1 cumpliendo con su compromiso de \u201ccombatir esta crisis clim\u00e1tica\u201d.<\/p>\n<h3>Producci\u00f3n y uso<\/h3>\n<p>En la inauguraci\u00f3n, adem\u00e1s, se hizo hincapi\u00e9 en que el hidr\u00f3geno verde se obtiene utilizando energ\u00edas limpias.<\/p>\n<p>\u201cLa hidrogenera que comenz\u00f3 a funcionar en esta jornada generar\u00e1 hidrogeno verde a partir del agua y la electricidad que producir\u00e1 una planta fotovoltaica ubicada en la comuna de Colina. El agua pasar\u00e1 por un proceso de desmineralizaci\u00f3n, cuya descarga se utilizar\u00e1 para alimentar el electrolizador. Ah\u00ed se llevar\u00e1 a cabo la electr\u00f3lisis del agua, dando como producto principal el hidr\u00f3geno y como subproducto el ox\u00edgeno, el cual ser\u00e1 devuelto a la atm\u00f3sfera\u201d,\u00a0<a href=\"https:\/\/prensa.presidencia.cl\/comunicado.aspx?id=178595\" target=\"_blank\" rel=\"noopener noreferrer\">dice<\/a>\u00a0una nota de prensa de la Presidencia chilena.<\/p>\n<p>El ministro de Energ\u00eda y Miner\u00eda, Juan Carlos Jobet, que denomin\u00f3 al hidr\u00f3geno verde como \u201cel combustible del futuro\u201d dijo que, adem\u00e1s de la miner\u00eda,\u00a0<strong>su uso\u00a0se extender\u00e1 al transporte de carga, procesos industriales e incluso para el uso residencial<\/strong>, mezcl\u00e1ndolo con gas natural en las redes domiciliarias.<\/p>\n<p>\u201cTenemos identificados hoy d\u00eda m\u00e1s de 40 proyectos de hidr\u00f3geno verde en nuestro pa\u00eds. Hay algunos que son para producir hidr\u00f3geno propiamente tal, como este que vimos hoy. Hay algunos que son para producir amon\u00edaco, que es un derivado del hidr\u00f3geno y que se usa en los fertilizantes y explosivos para la miner\u00eda. Otros que van a producir combustibles sint\u00e9ticos, por ejemplo en la Regi\u00f3n de Magallanes\u201d, detall\u00f3 el funcionario.<\/p>\n","protected":false},"excerpt":{"rendered":"<p>La \u2018hidrogenera\u2019 fue estrenada por el presidente Sebasti\u00e1n Pi\u00f1era, quien destac\u00f3 que \u201cChile tiene un gigantesco potencial para transformarse en [&hellip;]<\/p>\n","protected":false},"author":3,"featured_media":8971,"comment_status":"closed","ping_status":"closed","sticky":false,"template":"","format":"standard","meta":{"footnotes":""},"categories":[28],"tags":[],"class_list":["post-9295","post","type-post","status-publish","format-standard","has-post-thumbnail","hentry","category-calvera"],"yoast_head":"<!-- This site is optimized with the Yoast SEO plugin v27.3 - https:\/\/yoast.com\/product\/yoast-seo-wordpress\/ -->\n<title>Chile inaugura su primera estaci\u00f3n de hidr\u00f3geno verde para veh\u00edculos de faena minera - Calvera Hydrogen<\/title>\n<meta name=\"description\" content=\"Calvera inaugura su primera estaci\u00f3n de servicio de hidr\u00f3geno verde (H2v) en Chile, para veh\u00edculos de la industria minera.\" \/>\n<meta name=\"robots\" content=\"index, follow, max-snippet:-1, max-image-preview:large, max-video-preview:-1\" \/>\n<link rel=\"canonical\" href=\"https:\/\/www.calvera.es\/es\/chile-inaugura-su-primera-estacion-de-hidrogeno-verde-para-vehiculos-de-faena-minera\/\" \/>\n<meta property=\"og:locale\" content=\"es_ES\" \/>\n<meta property=\"og:type\" content=\"article\" \/>\n<meta property=\"og:title\" content=\"Chile inaugura su primera estaci\u00f3n de hidr\u00f3geno verde para veh\u00edculos de faena minera - Calvera Hydrogen\" \/>\n<meta property=\"og:description\" content=\"Calvera inaugura su primera estaci\u00f3n de servicio de hidr\u00f3geno verde (H2v) en Chile, para veh\u00edculos de la industria minera.\" \/>\n<meta property=\"og:url\" content=\"https:\/\/www.calvera.es\/es\/chile-inaugura-su-primera-estacion-de-hidrogeno-verde-para-vehiculos-de-faena-minera\/\" \/>\n<meta property=\"og:site_name\" content=\"Calvera Hydrogen\" \/>\n<meta property=\"article:published_time\" content=\"2021-08-24T11:34:14+00:00\" \/>\n<meta property=\"article:modified_time\" content=\"2023-02-16T15:53:08+00:00\" \/>\n<meta property=\"og:image\" content=\"https:\/\/www.calvera.es\/wp-content\/uploads\/2021\/12\/61253941e9ff7122a244114d.jpg\" \/>\n\t<meta property=\"og:image:width\" content=\"1104\" \/>\n\t<meta property=\"og:image:height\" content=\"622\" \/>\n\t<meta property=\"og:image:type\" content=\"image\/jpeg\" \/>\n<meta name=\"author\" content=\"Rocio\" \/>\n<meta name=\"twitter:card\" content=\"summary_large_image\" \/>\n<meta name=\"twitter:label1\" content=\"Escrito por\" \/>\n\t<meta name=\"twitter:data1\" content=\"Rocio\" \/>\n\t<meta name=\"twitter:label2\" content=\"Tiempo de lectura\" \/>\n\t<meta name=\"twitter:data2\" content=\"3 minutos\" \/>\n<script type=\"application\/ld+json\" class=\"yoast-schema-graph\">{\"@context\":\"https:\\\/\\\/schema.org\",\"@graph\":[{\"@type\":\"Article\",\"@id\":\"https:\\\/\\\/www.calvera.es\\\/es\\\/chile-inaugura-su-primera-estacion-de-hidrogeno-verde-para-vehiculos-de-faena-minera\\\/#article\",\"isPartOf\":{\"@id\":\"https:\\\/\\\/www.calvera.es\\\/es\\\/chile-inaugura-su-primera-estacion-de-hidrogeno-verde-para-vehiculos-de-faena-minera\\\/\"},\"author\":{\"name\":\"Rocio\",\"@id\":\"https:\\\/\\\/www.calvera.es\\\/#\\\/schema\\\/person\\\/a38c3cbd55754675638688e93144ea13\"},\"headline\":\"Chile inaugura su primera estaci\u00f3n de hidr\u00f3geno verde para veh\u00edculos de faena minera\",\"datePublished\":\"2021-08-24T11:34:14+00:00\",\"dateModified\":\"2023-02-16T15:53:08+00:00\",\"mainEntityOfPage\":{\"@id\":\"https:\\\/\\\/www.calvera.es\\\/es\\\/chile-inaugura-su-primera-estacion-de-hidrogeno-verde-para-vehiculos-de-faena-minera\\\/\"},\"wordCount\":561,\"image\":{\"@id\":\"https:\\\/\\\/www.calvera.es\\\/es\\\/chile-inaugura-su-primera-estacion-de-hidrogeno-verde-para-vehiculos-de-faena-minera\\\/#primaryimage\"},\"thumbnailUrl\":\"https:\\\/\\\/www.calvera.es\\\/wp-content\\\/uploads\\\/2021\\\/12\\\/61253941e9ff7122a244114d.jpg\",\"articleSection\":[\"Calvera\"],\"inLanguage\":\"es\"},{\"@type\":\"WebPage\",\"@id\":\"https:\\\/\\\/www.calvera.es\\\/es\\\/chile-inaugura-su-primera-estacion-de-hidrogeno-verde-para-vehiculos-de-faena-minera\\\/\",\"url\":\"https:\\\/\\\/www.calvera.es\\\/es\\\/chile-inaugura-su-primera-estacion-de-hidrogeno-verde-para-vehiculos-de-faena-minera\\\/\",\"name\":\"Chile inaugura su primera estaci\u00f3n de hidr\u00f3geno verde para veh\u00edculos de faena minera - Calvera Hydrogen\",\"isPartOf\":{\"@id\":\"https:\\\/\\\/www.calvera.es\\\/#website\"},\"primaryImageOfPage\":{\"@id\":\"https:\\\/\\\/www.calvera.es\\\/es\\\/chile-inaugura-su-primera-estacion-de-hidrogeno-verde-para-vehiculos-de-faena-minera\\\/#primaryimage\"},\"image\":{\"@id\":\"https:\\\/\\\/www.calvera.es\\\/es\\\/chile-inaugura-su-primera-estacion-de-hidrogeno-verde-para-vehiculos-de-faena-minera\\\/#primaryimage\"},\"thumbnailUrl\":\"https:\\\/\\\/www.calvera.es\\\/wp-content\\\/uploads\\\/2021\\\/12\\\/61253941e9ff7122a244114d.jpg\",\"datePublished\":\"2021-08-24T11:34:14+00:00\",\"dateModified\":\"2023-02-16T15:53:08+00:00\",\"author\":{\"@id\":\"https:\\\/\\\/www.calvera.es\\\/#\\\/schema\\\/person\\\/a38c3cbd55754675638688e93144ea13\"},\"description\":\"Calvera inaugura su primera estaci\u00f3n de servicio de hidr\u00f3geno verde (H2v) en Chile, para veh\u00edculos de la industria minera.\",\"breadcrumb\":{\"@id\":\"https:\\\/\\\/www.calvera.es\\\/es\\\/chile-inaugura-su-primera-estacion-de-hidrogeno-verde-para-vehiculos-de-faena-minera\\\/#breadcrumb\"},\"inLanguage\":\"es\",\"potentialAction\":[{\"@type\":\"ReadAction\",\"target\":[\"https:\\\/\\\/www.calvera.es\\\/es\\\/chile-inaugura-su-primera-estacion-de-hidrogeno-verde-para-vehiculos-de-faena-minera\\\/\"]}]},{\"@type\":\"ImageObject\",\"inLanguage\":\"es\",\"@id\":\"https:\\\/\\\/www.calvera.es\\\/es\\\/chile-inaugura-su-primera-estacion-de-hidrogeno-verde-para-vehiculos-de-faena-minera\\\/#primaryimage\",\"url\":\"https:\\\/\\\/www.calvera.es\\\/wp-content\\\/uploads\\\/2021\\\/12\\\/61253941e9ff7122a244114d.jpg\",\"contentUrl\":\"https:\\\/\\\/www.calvera.es\\\/wp-content\\\/uploads\\\/2021\\\/12\\\/61253941e9ff7122a244114d.jpg\",\"width\":1104,\"height\":622},{\"@type\":\"BreadcrumbList\",\"@id\":\"https:\\\/\\\/www.calvera.es\\\/es\\\/chile-inaugura-su-primera-estacion-de-hidrogeno-verde-para-vehiculos-de-faena-minera\\\/#breadcrumb\",\"itemListElement\":[{\"@type\":\"ListItem\",\"position\":1,\"name\":\"Portada\",\"item\":\"https:\\\/\\\/www.calvera.es\\\/es\\\/\"},{\"@type\":\"ListItem\",\"position\":2,\"name\":\"Chile inaugura su primera estaci\u00f3n de hidr\u00f3geno verde para veh\u00edculos de faena minera\"}]},{\"@type\":\"WebSite\",\"@id\":\"https:\\\/\\\/www.calvera.es\\\/#website\",\"url\":\"https:\\\/\\\/www.calvera.es\\\/\",\"name\":\"Calvera Hydrogen\",\"description\":\"Design and manufacture of hydrogen, biomethane and other gases infrastructure equipment\",\"potentialAction\":[{\"@type\":\"SearchAction\",\"target\":{\"@type\":\"EntryPoint\",\"urlTemplate\":\"https:\\\/\\\/www.calvera.es\\\/?s={search_term_string}\"},\"query-input\":{\"@type\":\"PropertyValueSpecification\",\"valueRequired\":true,\"valueName\":\"search_term_string\"}}],\"inLanguage\":\"es\"},{\"@type\":\"Person\",\"@id\":\"https:\\\/\\\/www.calvera.es\\\/#\\\/schema\\\/person\\\/a38c3cbd55754675638688e93144ea13\",\"name\":\"Rocio\",\"image\":{\"@type\":\"ImageObject\",\"inLanguage\":\"es\",\"@id\":\"https:\\\/\\\/secure.gravatar.com\\\/avatar\\\/60ebf3635fffe3032aba22d33ca50491f75ab8e29b0036d9a4aee344593692d4?s=96&d=mm&r=g\",\"url\":\"https:\\\/\\\/secure.gravatar.com\\\/avatar\\\/60ebf3635fffe3032aba22d33ca50491f75ab8e29b0036d9a4aee344593692d4?s=96&d=mm&r=g\",\"contentUrl\":\"https:\\\/\\\/secure.gravatar.com\\\/avatar\\\/60ebf3635fffe3032aba22d33ca50491f75ab8e29b0036d9a4aee344593692d4?s=96&d=mm&r=g\",\"caption\":\"Rocio\"},\"url\":\"https:\\\/\\\/www.calvera.es\\\/es\\\/author\\\/rocio\\\/\"}]}<\/script>\n<!-- \/ Yoast SEO plugin. -->","yoast_head_json":{"title":"Chile inaugura su primera estaci\u00f3n de hidr\u00f3geno verde para veh\u00edculos de faena minera - Calvera Hydrogen","description":"Calvera inaugura su primera estaci\u00f3n de servicio de hidr\u00f3geno verde (H2v) en Chile, para veh\u00edculos de la industria minera.","robots":{"index":"index","follow":"follow","max-snippet":"max-snippet:-1","max-image-preview":"max-image-preview:large","max-video-preview":"max-video-preview:-1"},"canonical":"https:\/\/www.calvera.es\/es\/chile-inaugura-su-primera-estacion-de-hidrogeno-verde-para-vehiculos-de-faena-minera\/","og_locale":"es_ES","og_type":"article","og_title":"Chile inaugura su primera estaci\u00f3n de hidr\u00f3geno verde para veh\u00edculos de faena minera - Calvera Hydrogen","og_description":"Calvera inaugura su primera estaci\u00f3n de servicio de hidr\u00f3geno verde (H2v) en Chile, para veh\u00edculos de la industria minera.","og_url":"https:\/\/www.calvera.es\/es\/chile-inaugura-su-primera-estacion-de-hidrogeno-verde-para-vehiculos-de-faena-minera\/","og_site_name":"Calvera Hydrogen","article_published_time":"2021-08-24T11:34:14+00:00","article_modified_time":"2023-02-16T15:53:08+00:00","og_image":[{"width":1104,"height":622,"url":"https:\/\/www.calvera.es\/wp-content\/uploads\/2021\/12\/61253941e9ff7122a244114d.jpg","type":"image\/jpeg"}],"author":"Rocio","twitter_card":"summary_large_image","twitter_misc":{"Escrito por":"Rocio","Tiempo de lectura":"3 minutos"},"schema":{"@context":"https:\/\/schema.org","@graph":[{"@type":"Article","@id":"https:\/\/www.calvera.es\/es\/chile-inaugura-su-primera-estacion-de-hidrogeno-verde-para-vehiculos-de-faena-minera\/#article","isPartOf":{"@id":"https:\/\/www.calvera.es\/es\/chile-inaugura-su-primera-estacion-de-hidrogeno-verde-para-vehiculos-de-faena-minera\/"},"author":{"name":"Rocio","@id":"https:\/\/www.calvera.es\/#\/schema\/person\/a38c3cbd55754675638688e93144ea13"},"headline":"Chile inaugura su primera estaci\u00f3n de hidr\u00f3geno verde para veh\u00edculos de faena minera","datePublished":"2021-08-24T11:34:14+00:00","dateModified":"2023-02-16T15:53:08+00:00","mainEntityOfPage":{"@id":"https:\/\/www.calvera.es\/es\/chile-inaugura-su-primera-estacion-de-hidrogeno-verde-para-vehiculos-de-faena-minera\/"},"wordCount":561,"image":{"@id":"https:\/\/www.calvera.es\/es\/chile-inaugura-su-primera-estacion-de-hidrogeno-verde-para-vehiculos-de-faena-minera\/#primaryimage"},"thumbnailUrl":"https:\/\/www.calvera.es\/wp-content\/uploads\/2021\/12\/61253941e9ff7122a244114d.jpg","articleSection":["Calvera"],"inLanguage":"es"},{"@type":"WebPage","@id":"https:\/\/www.calvera.es\/es\/chile-inaugura-su-primera-estacion-de-hidrogeno-verde-para-vehiculos-de-faena-minera\/","url":"https:\/\/www.calvera.es\/es\/chile-inaugura-su-primera-estacion-de-hidrogeno-verde-para-vehiculos-de-faena-minera\/","name":"Chile inaugura su primera estaci\u00f3n de hidr\u00f3geno verde para veh\u00edculos de faena minera - Calvera Hydrogen","isPartOf":{"@id":"https:\/\/www.calvera.es\/#website"},"primaryImageOfPage":{"@id":"https:\/\/www.calvera.es\/es\/chile-inaugura-su-primera-estacion-de-hidrogeno-verde-para-vehiculos-de-faena-minera\/#primaryimage"},"image":{"@id":"https:\/\/www.calvera.es\/es\/chile-inaugura-su-primera-estacion-de-hidrogeno-verde-para-vehiculos-de-faena-minera\/#primaryimage"},"thumbnailUrl":"https:\/\/www.calvera.es\/wp-content\/uploads\/2021\/12\/61253941e9ff7122a244114d.jpg","datePublished":"2021-08-24T11:34:14+00:00","dateModified":"2023-02-16T15:53:08+00:00","author":{"@id":"https:\/\/www.calvera.es\/#\/schema\/person\/a38c3cbd55754675638688e93144ea13"},"description":"Calvera inaugura su primera estaci\u00f3n de servicio de hidr\u00f3geno verde (H2v) en Chile, para veh\u00edculos de la industria minera.","breadcrumb":{"@id":"https:\/\/www.calvera.es\/es\/chile-inaugura-su-primera-estacion-de-hidrogeno-verde-para-vehiculos-de-faena-minera\/#breadcrumb"},"inLanguage":"es","potentialAction":[{"@type":"ReadAction","target":["https:\/\/www.calvera.es\/es\/chile-inaugura-su-primera-estacion-de-hidrogeno-verde-para-vehiculos-de-faena-minera\/"]}]},{"@type":"ImageObject","inLanguage":"es","@id":"https:\/\/www.calvera.es\/es\/chile-inaugura-su-primera-estacion-de-hidrogeno-verde-para-vehiculos-de-faena-minera\/#primaryimage","url":"https:\/\/www.calvera.es\/wp-content\/uploads\/2021\/12\/61253941e9ff7122a244114d.jpg","contentUrl":"https:\/\/www.calvera.es\/wp-content\/uploads\/2021\/12\/61253941e9ff7122a244114d.jpg","width":1104,"height":622},{"@type":"BreadcrumbList","@id":"https:\/\/www.calvera.es\/es\/chile-inaugura-su-primera-estacion-de-hidrogeno-verde-para-vehiculos-de-faena-minera\/#breadcrumb","itemListElement":[{"@type":"ListItem","position":1,"name":"Portada","item":"https:\/\/www.calvera.es\/es\/"},{"@type":"ListItem","position":2,"name":"Chile inaugura su primera estaci\u00f3n de hidr\u00f3geno verde para veh\u00edculos de faena minera"}]},{"@type":"WebSite","@id":"https:\/\/www.calvera.es\/#website","url":"https:\/\/www.calvera.es\/","name":"Calvera Hydrogen","description":"Design and manufacture of hydrogen, biomethane and other gases infrastructure equipment","potentialAction":[{"@type":"SearchAction","target":{"@type":"EntryPoint","urlTemplate":"https:\/\/www.calvera.es\/?s={search_term_string}"},"query-input":{"@type":"PropertyValueSpecification","valueRequired":true,"valueName":"search_term_string"}}],"inLanguage":"es"},{"@type":"Person","@id":"https:\/\/www.calvera.es\/#\/schema\/person\/a38c3cbd55754675638688e93144ea13","name":"Rocio","image":{"@type":"ImageObject","inLanguage":"es","@id":"https:\/\/secure.gravatar.com\/avatar\/60ebf3635fffe3032aba22d33ca50491f75ab8e29b0036d9a4aee344593692d4?s=96&d=mm&r=g","url":"https:\/\/secure.gravatar.com\/avatar\/60ebf3635fffe3032aba22d33ca50491f75ab8e29b0036d9a4aee344593692d4?s=96&d=mm&r=g","contentUrl":"https:\/\/secure.gravatar.com\/avatar\/60ebf3635fffe3032aba22d33ca50491f75ab8e29b0036d9a4aee344593692d4?s=96&d=mm&r=g","caption":"Rocio"},"url":"https:\/\/www.calvera.es\/es\/author\/rocio\/"}]}},"_links":{"self":[{"href":"https:\/\/www.calvera.es\/es\/wp-json\/wp\/v2\/posts\/9295","targetHints":{"allow":["GET"]}}],"collection":[{"href":"https:\/\/www.calvera.es\/es\/wp-json\/wp\/v2\/posts"}],"about":[{"href":"https:\/\/www.calvera.es\/es\/wp-json\/wp\/v2\/types\/post"}],"author":[{"embeddable":true,"href":"https:\/\/www.calvera.es\/es\/wp-json\/wp\/v2\/users\/3"}],"replies":[{"embeddable":true,"href":"https:\/\/www.calvera.es\/es\/wp-json\/wp\/v2\/comments?post=9295"}],"version-history":[{"count":0,"href":"https:\/\/www.calvera.es\/es\/wp-json\/wp\/v2\/posts\/9295\/revisions"}],"wp:featuredmedia":[{"embeddable":true,"href":"https:\/\/www.calvera.es\/es\/wp-json\/wp\/v2\/media\/8971"}],"wp:attachment":[{"href":"https:\/\/www.calvera.es\/es\/wp-json\/wp\/v2\/media?parent=9295"}],"wp:term":[{"taxonomy":"category","embeddable":true,"href":"https:\/\/www.calvera.es\/es\/wp-json\/wp\/v2\/categories?post=9295"},{"taxonomy":"post_tag","embeddable":true,"href":"https:\/\/www.calvera.es\/es\/wp-json\/wp\/v2\/tags?post=9295"}],"curies":[{"name":"wp","href":"https:\/\/api.w.org\/{rel}","templated":true}]}}