{"id":9170,"date":"2020-07-26T13:57:48","date_gmt":"2020-07-26T13:57:48","guid":{"rendered":"https:\/\/www.calvera.es\/calvera-intensifica-su-actividad-productiva-en-estaciones-de-hidrogeno-con-cuatro-proyectos\/"},"modified":"2023-02-16T16:05:25","modified_gmt":"2023-02-16T16:05:25","slug":"calvera-intensifica-su-actividad-productiva-en-estaciones-de-hidrogeno-con-cuatro-proyectos","status":"publish","type":"post","link":"https:\/\/www.calvera.es\/es\/calvera-intensifica-su-actividad-productiva-en-estaciones-de-hidrogeno-con-cuatro-proyectos\/","title":{"rendered":"Calvera intensifica su actividad productiva en estaciones de hidr\u00f3geno con cuatro proyectos"},"content":{"rendered":"<h2>El grupo aragon\u00e9s ampl\u00eda su campo de acci\u00f3n tras poner en marcha la primera hidrogenera para autobuses en Dinamarca.<\/h2>\n<blockquote><p>Noticia extraida de: <a href=\"https:\/\/www.heraldo.es\/noticias\/economia\/2020\/07\/26\/calvera-intensifica-su-actividad-productiva-en-estaciones-de-hidrogeno-con-cuatro-proyectos-1387940.html\">Heraldo<\/a><\/p><\/blockquote>\n<p id=\"m113-112-114\" class=\"paragraph \">El grupo aragon\u00e9s Calvera, especializado en el almacenamiento y transporte de gas comprimido a alta presi\u00f3n, afianza su actividad en el campo del hidr\u00f3geno como vector de movilidad con su participaci\u00f3n en cuatro proyectos de gran alcance, dos en Espa\u00f1a y dos en otros pa\u00edses. Tras poner en marcha en los primeros meses del a\u00f1o la primera hidrogenera para autobuses en Dinamarca,\u00a0<strong>la compa\u00f1\u00eda est\u00e1 sacando provecho de su apuesta por la Investigaci\u00f3n y Desarrollo (I+D)<\/strong>\u00a0en la materia para apoyar tanto a clientes que fabrican estaciones de hidr\u00f3geno como produciendo directamente equipos especiales para el cliente final.<\/p>\n<div class=\"muro-suscripcion\"><\/div>\n","protected":false},"excerpt":{"rendered":"<p>El grupo aragon\u00e9s ampl\u00eda su campo de acci\u00f3n tras poner en marcha la primera hidrogenera para autobuses en Dinamarca. Noticia [&hellip;]<\/p>\n","protected":false},"author":1,"featured_media":8976,"comment_status":"closed","ping_status":"closed","sticky":false,"template":"","format":"standard","meta":{"footnotes":""},"categories":[28],"tags":[],"class_list":["post-9170","post","type-post","status-publish","format-standard","has-post-thumbnail","hentry","category-calvera"],"yoast_head":"<!-- This site is optimized with the Yoast SEO plugin v27.3 - https:\/\/yoast.com\/product\/yoast-seo-wordpress\/ -->\n<title>Calvera intensifica su actividad productiva en estaciones de hidr\u00f3geno con cuatro proyectos - Calvera Hydrogen<\/title>\n<meta name=\"description\" content=\"El grupo aragon\u00e9s ampl\u00eda su campo de acci\u00f3n tras poner en marcha la primera hidrogenera para autobuses en Dinamarca.\" \/>\n<meta name=\"robots\" content=\"index, follow, max-snippet:-1, max-image-preview:large, max-video-preview:-1\" \/>\n<link rel=\"canonical\" href=\"https:\/\/www.calvera.es\/es\/calvera-intensifica-su-actividad-productiva-en-estaciones-de-hidrogeno-con-cuatro-proyectos\/\" \/>\n<meta property=\"og:locale\" content=\"es_ES\" \/>\n<meta property=\"og:type\" content=\"article\" \/>\n<meta property=\"og:title\" content=\"Calvera intensifica su actividad productiva en estaciones de hidr\u00f3geno con cuatro proyectos - Calvera Hydrogen\" \/>\n<meta property=\"og:description\" content=\"El grupo aragon\u00e9s ampl\u00eda su campo de acci\u00f3n tras poner en marcha la primera hidrogenera para autobuses en Dinamarca.\" \/>\n<meta property=\"og:url\" content=\"https:\/\/www.calvera.es\/es\/calvera-intensifica-su-actividad-productiva-en-estaciones-de-hidrogeno-con-cuatro-proyectos\/\" \/>\n<meta property=\"og:site_name\" content=\"Calvera Hydrogen\" \/>\n<meta property=\"article:published_time\" content=\"2020-07-26T13:57:48+00:00\" \/>\n<meta property=\"article:modified_time\" content=\"2023-02-16T16:05:25+00:00\" \/>\n<meta property=\"og:image\" content=\"https:\/\/www.calvera.es\/wp-content\/uploads\/2021\/12\/calvera-ha-redaccion-cb-35220814.jpeg\" \/>\n\t<meta property=\"og:image:width\" content=\"990\" \/>\n\t<meta property=\"og:image:height\" content=\"742\" \/>\n\t<meta property=\"og:image:type\" content=\"image\/jpeg\" \/>\n<meta name=\"author\" content=\"ruben\" \/>\n<meta name=\"twitter:card\" content=\"summary_large_image\" \/>\n<meta name=\"twitter:label1\" content=\"Escrito por\" \/>\n\t<meta name=\"twitter:data1\" content=\"ruben\" \/>\n\t<meta name=\"twitter:label2\" content=\"Tiempo de lectura\" \/>\n\t<meta name=\"twitter:data2\" content=\"1 minuto\" \/>\n<script type=\"application\/ld+json\" class=\"yoast-schema-graph\">{\"@context\":\"https:\\\/\\\/schema.org\",\"@graph\":[{\"@type\":\"Article\",\"@id\":\"https:\\\/\\\/www.calvera.es\\\/es\\\/calvera-intensifica-su-actividad-productiva-en-estaciones-de-hidrogeno-con-cuatro-proyectos\\\/#article\",\"isPartOf\":{\"@id\":\"https:\\\/\\\/www.calvera.es\\\/es\\\/calvera-intensifica-su-actividad-productiva-en-estaciones-de-hidrogeno-con-cuatro-proyectos\\\/\"},\"author\":{\"name\":\"ruben\",\"@id\":\"https:\\\/\\\/www.calvera.es\\\/#\\\/schema\\\/person\\\/f921fe9d61bfe56e566dd0539645355f\"},\"headline\":\"Calvera intensifica su actividad productiva en estaciones de hidr\u00f3geno con cuatro proyectos\",\"datePublished\":\"2020-07-26T13:57:48+00:00\",\"dateModified\":\"2023-02-16T16:05:25+00:00\",\"mainEntityOfPage\":{\"@id\":\"https:\\\/\\\/www.calvera.es\\\/es\\\/calvera-intensifica-su-actividad-productiva-en-estaciones-de-hidrogeno-con-cuatro-proyectos\\\/\"},\"wordCount\":148,\"image\":{\"@id\":\"https:\\\/\\\/www.calvera.es\\\/es\\\/calvera-intensifica-su-actividad-productiva-en-estaciones-de-hidrogeno-con-cuatro-proyectos\\\/#primaryimage\"},\"thumbnailUrl\":\"https:\\\/\\\/www.calvera.es\\\/wp-content\\\/uploads\\\/2021\\\/12\\\/calvera-ha-redaccion-cb-35220814.jpeg\",\"articleSection\":[\"Calvera\"],\"inLanguage\":\"es\"},{\"@type\":\"WebPage\",\"@id\":\"https:\\\/\\\/www.calvera.es\\\/es\\\/calvera-intensifica-su-actividad-productiva-en-estaciones-de-hidrogeno-con-cuatro-proyectos\\\/\",\"url\":\"https:\\\/\\\/www.calvera.es\\\/es\\\/calvera-intensifica-su-actividad-productiva-en-estaciones-de-hidrogeno-con-cuatro-proyectos\\\/\",\"name\":\"Calvera intensifica su actividad productiva en estaciones de hidr\u00f3geno con cuatro proyectos - Calvera Hydrogen\",\"isPartOf\":{\"@id\":\"https:\\\/\\\/www.calvera.es\\\/#website\"},\"primaryImageOfPage\":{\"@id\":\"https:\\\/\\\/www.calvera.es\\\/es\\\/calvera-intensifica-su-actividad-productiva-en-estaciones-de-hidrogeno-con-cuatro-proyectos\\\/#primaryimage\"},\"image\":{\"@id\":\"https:\\\/\\\/www.calvera.es\\\/es\\\/calvera-intensifica-su-actividad-productiva-en-estaciones-de-hidrogeno-con-cuatro-proyectos\\\/#primaryimage\"},\"thumbnailUrl\":\"https:\\\/\\\/www.calvera.es\\\/wp-content\\\/uploads\\\/2021\\\/12\\\/calvera-ha-redaccion-cb-35220814.jpeg\",\"datePublished\":\"2020-07-26T13:57:48+00:00\",\"dateModified\":\"2023-02-16T16:05:25+00:00\",\"author\":{\"@id\":\"https:\\\/\\\/www.calvera.es\\\/#\\\/schema\\\/person\\\/f921fe9d61bfe56e566dd0539645355f\"},\"description\":\"El grupo aragon\u00e9s ampl\u00eda su campo de acci\u00f3n tras poner en marcha la primera hidrogenera para autobuses en Dinamarca.\",\"breadcrumb\":{\"@id\":\"https:\\\/\\\/www.calvera.es\\\/es\\\/calvera-intensifica-su-actividad-productiva-en-estaciones-de-hidrogeno-con-cuatro-proyectos\\\/#breadcrumb\"},\"inLanguage\":\"es\",\"potentialAction\":[{\"@type\":\"ReadAction\",\"target\":[\"https:\\\/\\\/www.calvera.es\\\/es\\\/calvera-intensifica-su-actividad-productiva-en-estaciones-de-hidrogeno-con-cuatro-proyectos\\\/\"]}]},{\"@type\":\"ImageObject\",\"inLanguage\":\"es\",\"@id\":\"https:\\\/\\\/www.calvera.es\\\/es\\\/calvera-intensifica-su-actividad-productiva-en-estaciones-de-hidrogeno-con-cuatro-proyectos\\\/#primaryimage\",\"url\":\"https:\\\/\\\/www.calvera.es\\\/wp-content\\\/uploads\\\/2021\\\/12\\\/calvera-ha-redaccion-cb-35220814.jpeg\",\"contentUrl\":\"https:\\\/\\\/www.calvera.es\\\/wp-content\\\/uploads\\\/2021\\\/12\\\/calvera-ha-redaccion-cb-35220814.jpeg\",\"width\":990,\"height\":742},{\"@type\":\"BreadcrumbList\",\"@id\":\"https:\\\/\\\/www.calvera.es\\\/es\\\/calvera-intensifica-su-actividad-productiva-en-estaciones-de-hidrogeno-con-cuatro-proyectos\\\/#breadcrumb\",\"itemListElement\":[{\"@type\":\"ListItem\",\"position\":1,\"name\":\"Portada\",\"item\":\"https:\\\/\\\/www.calvera.es\\\/es\\\/\"},{\"@type\":\"ListItem\",\"position\":2,\"name\":\"Calvera intensifica su actividad productiva en estaciones de hidr\u00f3geno con cuatro proyectos\"}]},{\"@type\":\"WebSite\",\"@id\":\"https:\\\/\\\/www.calvera.es\\\/#website\",\"url\":\"https:\\\/\\\/www.calvera.es\\\/\",\"name\":\"Calvera Hydrogen\",\"description\":\"Design and manufacture of hydrogen, biomethane and other gases infrastructure equipment\",\"potentialAction\":[{\"@type\":\"SearchAction\",\"target\":{\"@type\":\"EntryPoint\",\"urlTemplate\":\"https:\\\/\\\/www.calvera.es\\\/?s={search_term_string}\"},\"query-input\":{\"@type\":\"PropertyValueSpecification\",\"valueRequired\":true,\"valueName\":\"search_term_string\"}}],\"inLanguage\":\"es\"},{\"@type\":\"Person\",\"@id\":\"https:\\\/\\\/www.calvera.es\\\/#\\\/schema\\\/person\\\/f921fe9d61bfe56e566dd0539645355f\",\"name\":\"ruben\",\"image\":{\"@type\":\"ImageObject\",\"inLanguage\":\"es\",\"@id\":\"https:\\\/\\\/secure.gravatar.com\\\/avatar\\\/b0dfa89cd0823d0b60635b5442a2621e1f2accada67cb27a505da5d057d88b4d?s=96&d=mm&r=g\",\"url\":\"https:\\\/\\\/secure.gravatar.com\\\/avatar\\\/b0dfa89cd0823d0b60635b5442a2621e1f2accada67cb27a505da5d057d88b4d?s=96&d=mm&r=g\",\"contentUrl\":\"https:\\\/\\\/secure.gravatar.com\\\/avatar\\\/b0dfa89cd0823d0b60635b5442a2621e1f2accada67cb27a505da5d057d88b4d?s=96&d=mm&r=g\",\"caption\":\"ruben\"},\"sameAs\":[\"http:\\\/\\\/www.calvera.es\"],\"url\":\"https:\\\/\\\/www.calvera.es\\\/es\\\/author\\\/ruben\\\/\"}]}<\/script>\n<!-- \/ Yoast SEO plugin. -->","yoast_head_json":{"title":"Calvera intensifica su actividad productiva en estaciones de hidr\u00f3geno con cuatro proyectos - Calvera Hydrogen","description":"El grupo aragon\u00e9s ampl\u00eda su campo de acci\u00f3n tras poner en marcha la primera hidrogenera para autobuses en Dinamarca.","robots":{"index":"index","follow":"follow","max-snippet":"max-snippet:-1","max-image-preview":"max-image-preview:large","max-video-preview":"max-video-preview:-1"},"canonical":"https:\/\/www.calvera.es\/es\/calvera-intensifica-su-actividad-productiva-en-estaciones-de-hidrogeno-con-cuatro-proyectos\/","og_locale":"es_ES","og_type":"article","og_title":"Calvera intensifica su actividad productiva en estaciones de hidr\u00f3geno con cuatro proyectos - Calvera Hydrogen","og_description":"El grupo aragon\u00e9s ampl\u00eda su campo de acci\u00f3n tras poner en marcha la primera hidrogenera para autobuses en Dinamarca.","og_url":"https:\/\/www.calvera.es\/es\/calvera-intensifica-su-actividad-productiva-en-estaciones-de-hidrogeno-con-cuatro-proyectos\/","og_site_name":"Calvera Hydrogen","article_published_time":"2020-07-26T13:57:48+00:00","article_modified_time":"2023-02-16T16:05:25+00:00","og_image":[{"width":990,"height":742,"url":"https:\/\/www.calvera.es\/wp-content\/uploads\/2021\/12\/calvera-ha-redaccion-cb-35220814.jpeg","type":"image\/jpeg"}],"author":"ruben","twitter_card":"summary_large_image","twitter_misc":{"Escrito por":"ruben","Tiempo de lectura":"1 minuto"},"schema":{"@context":"https:\/\/schema.org","@graph":[{"@type":"Article","@id":"https:\/\/www.calvera.es\/es\/calvera-intensifica-su-actividad-productiva-en-estaciones-de-hidrogeno-con-cuatro-proyectos\/#article","isPartOf":{"@id":"https:\/\/www.calvera.es\/es\/calvera-intensifica-su-actividad-productiva-en-estaciones-de-hidrogeno-con-cuatro-proyectos\/"},"author":{"name":"ruben","@id":"https:\/\/www.calvera.es\/#\/schema\/person\/f921fe9d61bfe56e566dd0539645355f"},"headline":"Calvera intensifica su actividad productiva en estaciones de hidr\u00f3geno con cuatro proyectos","datePublished":"2020-07-26T13:57:48+00:00","dateModified":"2023-02-16T16:05:25+00:00","mainEntityOfPage":{"@id":"https:\/\/www.calvera.es\/es\/calvera-intensifica-su-actividad-productiva-en-estaciones-de-hidrogeno-con-cuatro-proyectos\/"},"wordCount":148,"image":{"@id":"https:\/\/www.calvera.es\/es\/calvera-intensifica-su-actividad-productiva-en-estaciones-de-hidrogeno-con-cuatro-proyectos\/#primaryimage"},"thumbnailUrl":"https:\/\/www.calvera.es\/wp-content\/uploads\/2021\/12\/calvera-ha-redaccion-cb-35220814.jpeg","articleSection":["Calvera"],"inLanguage":"es"},{"@type":"WebPage","@id":"https:\/\/www.calvera.es\/es\/calvera-intensifica-su-actividad-productiva-en-estaciones-de-hidrogeno-con-cuatro-proyectos\/","url":"https:\/\/www.calvera.es\/es\/calvera-intensifica-su-actividad-productiva-en-estaciones-de-hidrogeno-con-cuatro-proyectos\/","name":"Calvera intensifica su actividad productiva en estaciones de hidr\u00f3geno con cuatro proyectos - Calvera Hydrogen","isPartOf":{"@id":"https:\/\/www.calvera.es\/#website"},"primaryImageOfPage":{"@id":"https:\/\/www.calvera.es\/es\/calvera-intensifica-su-actividad-productiva-en-estaciones-de-hidrogeno-con-cuatro-proyectos\/#primaryimage"},"image":{"@id":"https:\/\/www.calvera.es\/es\/calvera-intensifica-su-actividad-productiva-en-estaciones-de-hidrogeno-con-cuatro-proyectos\/#primaryimage"},"thumbnailUrl":"https:\/\/www.calvera.es\/wp-content\/uploads\/2021\/12\/calvera-ha-redaccion-cb-35220814.jpeg","datePublished":"2020-07-26T13:57:48+00:00","dateModified":"2023-02-16T16:05:25+00:00","author":{"@id":"https:\/\/www.calvera.es\/#\/schema\/person\/f921fe9d61bfe56e566dd0539645355f"},"description":"El grupo aragon\u00e9s ampl\u00eda su campo de acci\u00f3n tras poner en marcha la primera hidrogenera para autobuses en Dinamarca.","breadcrumb":{"@id":"https:\/\/www.calvera.es\/es\/calvera-intensifica-su-actividad-productiva-en-estaciones-de-hidrogeno-con-cuatro-proyectos\/#breadcrumb"},"inLanguage":"es","potentialAction":[{"@type":"ReadAction","target":["https:\/\/www.calvera.es\/es\/calvera-intensifica-su-actividad-productiva-en-estaciones-de-hidrogeno-con-cuatro-proyectos\/"]}]},{"@type":"ImageObject","inLanguage":"es","@id":"https:\/\/www.calvera.es\/es\/calvera-intensifica-su-actividad-productiva-en-estaciones-de-hidrogeno-con-cuatro-proyectos\/#primaryimage","url":"https:\/\/www.calvera.es\/wp-content\/uploads\/2021\/12\/calvera-ha-redaccion-cb-35220814.jpeg","contentUrl":"https:\/\/www.calvera.es\/wp-content\/uploads\/2021\/12\/calvera-ha-redaccion-cb-35220814.jpeg","width":990,"height":742},{"@type":"BreadcrumbList","@id":"https:\/\/www.calvera.es\/es\/calvera-intensifica-su-actividad-productiva-en-estaciones-de-hidrogeno-con-cuatro-proyectos\/#breadcrumb","itemListElement":[{"@type":"ListItem","position":1,"name":"Portada","item":"https:\/\/www.calvera.es\/es\/"},{"@type":"ListItem","position":2,"name":"Calvera intensifica su actividad productiva en estaciones de hidr\u00f3geno con cuatro proyectos"}]},{"@type":"WebSite","@id":"https:\/\/www.calvera.es\/#website","url":"https:\/\/www.calvera.es\/","name":"Calvera Hydrogen","description":"Design and manufacture of hydrogen, biomethane and other gases infrastructure equipment","potentialAction":[{"@type":"SearchAction","target":{"@type":"EntryPoint","urlTemplate":"https:\/\/www.calvera.es\/?s={search_term_string}"},"query-input":{"@type":"PropertyValueSpecification","valueRequired":true,"valueName":"search_term_string"}}],"inLanguage":"es"},{"@type":"Person","@id":"https:\/\/www.calvera.es\/#\/schema\/person\/f921fe9d61bfe56e566dd0539645355f","name":"ruben","image":{"@type":"ImageObject","inLanguage":"es","@id":"https:\/\/secure.gravatar.com\/avatar\/b0dfa89cd0823d0b60635b5442a2621e1f2accada67cb27a505da5d057d88b4d?s=96&d=mm&r=g","url":"https:\/\/secure.gravatar.com\/avatar\/b0dfa89cd0823d0b60635b5442a2621e1f2accada67cb27a505da5d057d88b4d?s=96&d=mm&r=g","contentUrl":"https:\/\/secure.gravatar.com\/avatar\/b0dfa89cd0823d0b60635b5442a2621e1f2accada67cb27a505da5d057d88b4d?s=96&d=mm&r=g","caption":"ruben"},"sameAs":["http:\/\/www.calvera.es"],"url":"https:\/\/www.calvera.es\/es\/author\/ruben\/"}]}},"_links":{"self":[{"href":"https:\/\/www.calvera.es\/es\/wp-json\/wp\/v2\/posts\/9170","targetHints":{"allow":["GET"]}}],"collection":[{"href":"https:\/\/www.calvera.es\/es\/wp-json\/wp\/v2\/posts"}],"about":[{"href":"https:\/\/www.calvera.es\/es\/wp-json\/wp\/v2\/types\/post"}],"author":[{"embeddable":true,"href":"https:\/\/www.calvera.es\/es\/wp-json\/wp\/v2\/users\/1"}],"replies":[{"embeddable":true,"href":"https:\/\/www.calvera.es\/es\/wp-json\/wp\/v2\/comments?post=9170"}],"version-history":[{"count":0,"href":"https:\/\/www.calvera.es\/es\/wp-json\/wp\/v2\/posts\/9170\/revisions"}],"wp:featuredmedia":[{"embeddable":true,"href":"https:\/\/www.calvera.es\/es\/wp-json\/wp\/v2\/media\/8976"}],"wp:attachment":[{"href":"https:\/\/www.calvera.es\/es\/wp-json\/wp\/v2\/media?parent=9170"}],"wp:term":[{"taxonomy":"category","embeddable":true,"href":"https:\/\/www.calvera.es\/es\/wp-json\/wp\/v2\/categories?post=9170"},{"taxonomy":"post_tag","embeddable":true,"href":"https:\/\/www.calvera.es\/es\/wp-json\/wp\/v2\/tags?post=9170"}],"curies":[{"name":"wp","href":"https:\/\/api.w.org\/{rel}","templated":true}]}}