{"id":9162,"date":"2021-07-02T14:09:40","date_gmt":"2021-07-02T14:09:40","guid":{"rendered":"https:\/\/www.calvera.es\/el-hidrogeno-elevara-la-facturacion-de-grupo-calvera-un-30-en-los-proximos-anos\/"},"modified":"2023-02-16T15:55:09","modified_gmt":"2023-02-16T15:55:09","slug":"el-hidrogeno-elevara-la-facturacion-de-grupo-calvera-un-30-en-los-proximos-anos","status":"publish","type":"post","link":"https:\/\/www.calvera.es\/es\/el-hidrogeno-elevara-la-facturacion-de-grupo-calvera-un-30-en-los-proximos-anos\/","title":{"rendered":"El hidr\u00f3geno elevar\u00e1 la facturaci\u00f3n de Grupo Calvera un 30% en los pr\u00f3ximos a\u00f1os"},"content":{"rendered":"<blockquote><p>Noticia extraida de: <a href=\"https:\/\/www.eleconomista.es\/aragon\/noticias\/11321261\/07\/21\/El-hidrogeno-elevara-la-facturacion-de-Grupo-Calvera-un-30-en-los-proximos-anos.html\">eleconomista<\/a><\/p><\/blockquote>\n<p>Grupo Calvera sigue avanzando con paso firme en el sector del hidr\u00f3geno, l\u00ednea de actividad que va a ser decisiva en el crecimiento que la empresa va a registrar ya este a\u00f1o y en los pr\u00f3ximos ejercicios y que se cifra en un incremento de la facturaci\u00f3n del grupo empresarial de entre el 30% y el 50% anual, que va a ver soportado principalmente por la actividad de la empresa en el hidr\u00f3geno con proyectos que se van a implementar en Espa\u00f1a y Europa.<\/p>\n<p>Los proyectos en los que est\u00e1 inmersa y el lanzamiento de nuevos productos en el mercado nacional e internacional van a ser los dos pilares clave del crecimiento de Grupo Calvera.<\/p>\n<p>La empresa ha empezado a comercializar recientemente la hidrogenera para el suministro de carretillas elevadoras con mayor capacidad de suministro de las desarrolladas hasta el momento. Desde su lanzamiento, Grupo Calvera ya ha conformado una cartera de proyectos con diez hidrogeneras aseguradas.<\/p>\n<p>La hidrogenera para el suministro de carretillas se caracteriza por la flexibilidad y la velocidad de dispensado, ya que tiene capacidad para suministrar a 120 carretillas cada 24 horas, siendo id\u00f3nea para centros log\u00edsticos de paqueter\u00eda y de distribuci\u00f3n, as\u00ed como para el sector de la automoci\u00f3n y en los centros en los que hay fr\u00edo. Precisamente, en este \u00faltimo segmento, este tipo de carretillas tiene una gran ventaja porque en las cabinas de congelados de alimentaci\u00f3n o zonas de refrigeraci\u00f3n cae el rendimiento de las el\u00e9ctricas, &#8220;tienen una gran ca\u00edda, lo que no sucede con las de hidr\u00f3geno&#8221;, explica Rafael Calvera, CEO del Grupo Calvera, a\u00a0<i>elEconomista<\/i><\/p>\n<p>Adem\u00e1s, desde el punto de vista tecnol\u00f3gico, con las carretillas de hidrogeno tambi\u00e9n se gana en productividad al eliminarse los inconvenientes relacionados con el cambio de las bater\u00edas el\u00e9ctricas convencionales, que son muy pesadas, as\u00ed como el tiempo que cuesta su recarga o la p\u00e9rdida de rendimiento progresiva que exhiben cuando se van agotando. Las carretillas de hidr\u00f3geno tambi\u00e9n se caracterizan por el hecho de que se reabastecen r\u00e1pidamente y trabajan siempre al m\u00e1ximo rendimiento durante todo el turno de trabajo.<\/p>\n<p>La nueva hidrogenera de carretillas es fruto de la experiencia previa de la empresa que ya hab\u00eda fabricado anteriormente modelos de peque\u00f1o y mediano tama\u00f1o con destino al mercado exterior y que, ahora, ha dado un paso m\u00e1s para dise\u00f1ar este nuevo modelo con el fin de cubrir un hueco existente en el mercado.<\/p>\n<p>&#8220;Hoy en d\u00eda somos el \u00fanico fabricante de hidrogeneras. Ya hemos hecho para coches y autobuses y el mercado de las carretillas de hidr\u00f3geno es uno de los mercados emergentes en cuanto enh el sector log\u00edstico hay muchas carretillas y nuestro modelo tiene ventajas en el manejo en relaci\u00f3n a las tradicionales de bater\u00edas&#8221;. Adem\u00e1s, se tienden a usar muchas carretillas, del orden de entre 20 a 40, lo que supone una importante ventaja competitiva.<\/p>\n<p>Esta nueva hidrogenera para el suministro de carretillas se ha incorporado a la cartera de productos de Grupo Calvera, comercializ\u00e1ndose tanto a nivel nacional como internacional. Precisamente, en el exterior, la compa\u00f1\u00eda ya tiene varios proyectos para instalarlas en Europa.<\/p>\n<p>Adem\u00e1s del lanzamiento de esta nueva hidrogenera, Calvera sigue avanzando en este segmento para el suministro de coches y autobuses. Un tipo de veh\u00edculo este \u00faltimo para el que la empresa ha sido la encargada de fabricar la mayor hidrogenera de Espa\u00f1a para autobuses que se encuentra en Barcelona. Adem\u00e1s, la compa\u00f1\u00eda tiene una cartera importante de hidrogeneras y nuevos desarrollos tanto para Espa\u00f1a como para Europa. Recientemente, tambi\u00e9n se ha encargado de fabricar y entregar la primera hidrogenera de coches de 700 bares en Espa\u00f1a, que est\u00e1 en Madrid.<\/p>\n<p>Calvera, que cuenta con una experiencia de 40 a\u00f1os en el sector del hidr\u00f3geno y es el \u00fanico fabricante de hidrogeneras completas de Espa\u00f1a y el principal del sur de Europa, tambi\u00e9n tiene buenas perspectivas de crecimiento para los pr\u00f3ximos a\u00f1os, especialmente, en el mercado espa\u00f1ol porque &#8220;va a haber movimiento en el sector del hidr\u00f3geno con la llegada de los fondos europeos, que se van a aprovechar&#8221;, ya que hay varios proyectos que contemplan diversas iniciativas en este campo y que &#8220;tendr\u00e1n luz verde&#8221;. Las previsiones tambi\u00e9n apuntan a un importante impulso en los pr\u00f3ximos a\u00f1os al hidr\u00f3geno energ\u00e9tico de movilidad.<\/p>\n<p>En el \u00e1mbito internacional, Calvera sigue trabajando en proyectos de cisternas para distribuci\u00f3n de hidr\u00f3geno con la presi\u00f3n m\u00e1s alta del mundo (517 bar), para clientes energ\u00e9ticos que son n\u00famero uno en el mundo y que se implementar\u00e1n en California y Alemania. Tambi\u00e9n est\u00e1 inmersa en proyectos de hidr\u00f3geno industrial con soluciones de gran capacidad y almacenamiento y transporte de hidr\u00f3geno para Espa\u00f1a y Alemania.<\/p>\n<p>La mayor actividad ya ha llevado a Calvera a crecer en empleo este a\u00f1o con un aumento del 20% tanto en el \u00e1rea de ingenier\u00eda como en fabricaci\u00f3n, sumando una plantilla actual de 60 personas, aunque la previsi\u00f3n es ampliarla ante el mayor crecimiento.<\/p>\n<p>Grupo Calvera, que se cre\u00f3 en 1954 y cuenta con plantas en Zaragoza y \u00c9pila, tiene tres divisiones. Una de ellas es Calvera Gas Techology, que est\u00e1 centrada en gas natural y biog\u00e1s, mientras que otra es Calvera Industrial Gases con soluciones para todos los gases del aire, alimentarios y medicionales. La otra divisi\u00f3n es Calvera Hydrogen, que es la que re\u00fane las soluciones para el hidr\u00f3geno como vector energ\u00e9tico.<\/p>\n","protected":false},"excerpt":{"rendered":"<p>Noticia extraida de: eleconomista Grupo Calvera sigue avanzando con paso firme en el sector del hidr\u00f3geno, l\u00ednea de actividad que [&hellip;]<\/p>\n","protected":false},"author":1,"featured_media":8980,"comment_status":"closed","ping_status":"closed","sticky":false,"template":"","format":"standard","meta":{"footnotes":""},"categories":[28],"tags":[],"class_list":["post-9162","post","type-post","status-publish","format-standard","has-post-thumbnail","hentry","category-calvera"],"yoast_head":"<!-- This site is optimized with the Yoast SEO plugin v27.3 - https:\/\/yoast.com\/product\/yoast-seo-wordpress\/ -->\n<title>El hidr\u00f3geno elevar\u00e1 la facturaci\u00f3n de Grupo Calvera un 30% en los pr\u00f3ximos a\u00f1os - Calvera Hydrogen<\/title>\n<meta name=\"description\" content=\"Calvera sigue avanzando con paso firme en el sector del hidr\u00f3geno, estimando un incremento de la facturaci\u00f3n de entre el 30% y el 50% anual.\" \/>\n<meta name=\"robots\" content=\"index, follow, max-snippet:-1, max-image-preview:large, max-video-preview:-1\" \/>\n<link rel=\"canonical\" href=\"https:\/\/www.calvera.es\/es\/el-hidrogeno-elevara-la-facturacion-de-grupo-calvera-un-30-en-los-proximos-anos\/\" \/>\n<meta property=\"og:locale\" content=\"es_ES\" \/>\n<meta property=\"og:type\" content=\"article\" \/>\n<meta property=\"og:title\" content=\"El hidr\u00f3geno elevar\u00e1 la facturaci\u00f3n de Grupo Calvera un 30% en los pr\u00f3ximos a\u00f1os - Calvera Hydrogen\" \/>\n<meta property=\"og:description\" content=\"Calvera sigue avanzando con paso firme en el sector del hidr\u00f3geno, estimando un incremento de la facturaci\u00f3n de entre el 30% y el 50% anual.\" \/>\n<meta property=\"og:url\" content=\"https:\/\/www.calvera.es\/es\/el-hidrogeno-elevara-la-facturacion-de-grupo-calvera-un-30-en-los-proximos-anos\/\" \/>\n<meta property=\"og:site_name\" content=\"Calvera Hydrogen\" \/>\n<meta property=\"article:published_time\" content=\"2021-07-02T14:09:40+00:00\" \/>\n<meta property=\"article:modified_time\" content=\"2023-02-16T15:55:09+00:00\" \/>\n<meta property=\"og:image\" content=\"https:\/\/www.calvera.es\/wp-content\/uploads\/2021\/12\/hidrogeno.jpg\" \/>\n\t<meta property=\"og:image:width\" content=\"720\" \/>\n\t<meta property=\"og:image:height\" content=\"400\" \/>\n\t<meta property=\"og:image:type\" content=\"image\/jpeg\" \/>\n<meta name=\"author\" content=\"ruben\" \/>\n<meta name=\"twitter:card\" content=\"summary_large_image\" \/>\n<meta name=\"twitter:label1\" content=\"Escrito por\" \/>\n\t<meta name=\"twitter:data1\" content=\"ruben\" \/>\n\t<meta name=\"twitter:label2\" content=\"Tiempo de lectura\" \/>\n\t<meta name=\"twitter:data2\" content=\"4 minutos\" \/>\n<script type=\"application\/ld+json\" class=\"yoast-schema-graph\">{\"@context\":\"https:\\\/\\\/schema.org\",\"@graph\":[{\"@type\":\"Article\",\"@id\":\"https:\\\/\\\/www.calvera.es\\\/es\\\/el-hidrogeno-elevara-la-facturacion-de-grupo-calvera-un-30-en-los-proximos-anos\\\/#article\",\"isPartOf\":{\"@id\":\"https:\\\/\\\/www.calvera.es\\\/es\\\/el-hidrogeno-elevara-la-facturacion-de-grupo-calvera-un-30-en-los-proximos-anos\\\/\"},\"author\":{\"name\":\"ruben\",\"@id\":\"https:\\\/\\\/www.calvera.es\\\/#\\\/schema\\\/person\\\/f921fe9d61bfe56e566dd0539645355f\"},\"headline\":\"El hidr\u00f3geno elevar\u00e1 la facturaci\u00f3n de Grupo Calvera un 30% en los pr\u00f3ximos a\u00f1os\",\"datePublished\":\"2021-07-02T14:09:40+00:00\",\"dateModified\":\"2023-02-16T15:55:09+00:00\",\"mainEntityOfPage\":{\"@id\":\"https:\\\/\\\/www.calvera.es\\\/es\\\/el-hidrogeno-elevara-la-facturacion-de-grupo-calvera-un-30-en-los-proximos-anos\\\/\"},\"wordCount\":978,\"image\":{\"@id\":\"https:\\\/\\\/www.calvera.es\\\/es\\\/el-hidrogeno-elevara-la-facturacion-de-grupo-calvera-un-30-en-los-proximos-anos\\\/#primaryimage\"},\"thumbnailUrl\":\"https:\\\/\\\/www.calvera.es\\\/wp-content\\\/uploads\\\/2021\\\/12\\\/hidrogeno.jpg\",\"articleSection\":[\"Calvera\"],\"inLanguage\":\"es\"},{\"@type\":\"WebPage\",\"@id\":\"https:\\\/\\\/www.calvera.es\\\/es\\\/el-hidrogeno-elevara-la-facturacion-de-grupo-calvera-un-30-en-los-proximos-anos\\\/\",\"url\":\"https:\\\/\\\/www.calvera.es\\\/es\\\/el-hidrogeno-elevara-la-facturacion-de-grupo-calvera-un-30-en-los-proximos-anos\\\/\",\"name\":\"El hidr\u00f3geno elevar\u00e1 la facturaci\u00f3n de Grupo Calvera un 30% en los pr\u00f3ximos a\u00f1os - Calvera Hydrogen\",\"isPartOf\":{\"@id\":\"https:\\\/\\\/www.calvera.es\\\/#website\"},\"primaryImageOfPage\":{\"@id\":\"https:\\\/\\\/www.calvera.es\\\/es\\\/el-hidrogeno-elevara-la-facturacion-de-grupo-calvera-un-30-en-los-proximos-anos\\\/#primaryimage\"},\"image\":{\"@id\":\"https:\\\/\\\/www.calvera.es\\\/es\\\/el-hidrogeno-elevara-la-facturacion-de-grupo-calvera-un-30-en-los-proximos-anos\\\/#primaryimage\"},\"thumbnailUrl\":\"https:\\\/\\\/www.calvera.es\\\/wp-content\\\/uploads\\\/2021\\\/12\\\/hidrogeno.jpg\",\"datePublished\":\"2021-07-02T14:09:40+00:00\",\"dateModified\":\"2023-02-16T15:55:09+00:00\",\"author\":{\"@id\":\"https:\\\/\\\/www.calvera.es\\\/#\\\/schema\\\/person\\\/f921fe9d61bfe56e566dd0539645355f\"},\"description\":\"Calvera sigue avanzando con paso firme en el sector del hidr\u00f3geno, estimando un incremento de la facturaci\u00f3n de entre el 30% y el 50% anual.\",\"breadcrumb\":{\"@id\":\"https:\\\/\\\/www.calvera.es\\\/es\\\/el-hidrogeno-elevara-la-facturacion-de-grupo-calvera-un-30-en-los-proximos-anos\\\/#breadcrumb\"},\"inLanguage\":\"es\",\"potentialAction\":[{\"@type\":\"ReadAction\",\"target\":[\"https:\\\/\\\/www.calvera.es\\\/es\\\/el-hidrogeno-elevara-la-facturacion-de-grupo-calvera-un-30-en-los-proximos-anos\\\/\"]}]},{\"@type\":\"ImageObject\",\"inLanguage\":\"es\",\"@id\":\"https:\\\/\\\/www.calvera.es\\\/es\\\/el-hidrogeno-elevara-la-facturacion-de-grupo-calvera-un-30-en-los-proximos-anos\\\/#primaryimage\",\"url\":\"https:\\\/\\\/www.calvera.es\\\/wp-content\\\/uploads\\\/2021\\\/12\\\/hidrogeno.jpg\",\"contentUrl\":\"https:\\\/\\\/www.calvera.es\\\/wp-content\\\/uploads\\\/2021\\\/12\\\/hidrogeno.jpg\",\"width\":720,\"height\":400},{\"@type\":\"BreadcrumbList\",\"@id\":\"https:\\\/\\\/www.calvera.es\\\/es\\\/el-hidrogeno-elevara-la-facturacion-de-grupo-calvera-un-30-en-los-proximos-anos\\\/#breadcrumb\",\"itemListElement\":[{\"@type\":\"ListItem\",\"position\":1,\"name\":\"Portada\",\"item\":\"https:\\\/\\\/www.calvera.es\\\/es\\\/\"},{\"@type\":\"ListItem\",\"position\":2,\"name\":\"El hidr\u00f3geno elevar\u00e1 la facturaci\u00f3n de Grupo Calvera un 30% en los pr\u00f3ximos a\u00f1os\"}]},{\"@type\":\"WebSite\",\"@id\":\"https:\\\/\\\/www.calvera.es\\\/#website\",\"url\":\"https:\\\/\\\/www.calvera.es\\\/\",\"name\":\"Calvera Hydrogen\",\"description\":\"Design and manufacture of hydrogen, biomethane and other gases infrastructure equipment\",\"potentialAction\":[{\"@type\":\"SearchAction\",\"target\":{\"@type\":\"EntryPoint\",\"urlTemplate\":\"https:\\\/\\\/www.calvera.es\\\/?s={search_term_string}\"},\"query-input\":{\"@type\":\"PropertyValueSpecification\",\"valueRequired\":true,\"valueName\":\"search_term_string\"}}],\"inLanguage\":\"es\"},{\"@type\":\"Person\",\"@id\":\"https:\\\/\\\/www.calvera.es\\\/#\\\/schema\\\/person\\\/f921fe9d61bfe56e566dd0539645355f\",\"name\":\"ruben\",\"image\":{\"@type\":\"ImageObject\",\"inLanguage\":\"es\",\"@id\":\"https:\\\/\\\/secure.gravatar.com\\\/avatar\\\/b0dfa89cd0823d0b60635b5442a2621e1f2accada67cb27a505da5d057d88b4d?s=96&d=mm&r=g\",\"url\":\"https:\\\/\\\/secure.gravatar.com\\\/avatar\\\/b0dfa89cd0823d0b60635b5442a2621e1f2accada67cb27a505da5d057d88b4d?s=96&d=mm&r=g\",\"contentUrl\":\"https:\\\/\\\/secure.gravatar.com\\\/avatar\\\/b0dfa89cd0823d0b60635b5442a2621e1f2accada67cb27a505da5d057d88b4d?s=96&d=mm&r=g\",\"caption\":\"ruben\"},\"sameAs\":[\"http:\\\/\\\/www.calvera.es\"],\"url\":\"https:\\\/\\\/www.calvera.es\\\/es\\\/author\\\/ruben\\\/\"}]}<\/script>\n<!-- \/ Yoast SEO plugin. -->","yoast_head_json":{"title":"El hidr\u00f3geno elevar\u00e1 la facturaci\u00f3n de Grupo Calvera un 30% en los pr\u00f3ximos a\u00f1os - Calvera Hydrogen","description":"Calvera sigue avanzando con paso firme en el sector del hidr\u00f3geno, estimando un incremento de la facturaci\u00f3n de entre el 30% y el 50% anual.","robots":{"index":"index","follow":"follow","max-snippet":"max-snippet:-1","max-image-preview":"max-image-preview:large","max-video-preview":"max-video-preview:-1"},"canonical":"https:\/\/www.calvera.es\/es\/el-hidrogeno-elevara-la-facturacion-de-grupo-calvera-un-30-en-los-proximos-anos\/","og_locale":"es_ES","og_type":"article","og_title":"El hidr\u00f3geno elevar\u00e1 la facturaci\u00f3n de Grupo Calvera un 30% en los pr\u00f3ximos a\u00f1os - Calvera Hydrogen","og_description":"Calvera sigue avanzando con paso firme en el sector del hidr\u00f3geno, estimando un incremento de la facturaci\u00f3n de entre el 30% y el 50% anual.","og_url":"https:\/\/www.calvera.es\/es\/el-hidrogeno-elevara-la-facturacion-de-grupo-calvera-un-30-en-los-proximos-anos\/","og_site_name":"Calvera Hydrogen","article_published_time":"2021-07-02T14:09:40+00:00","article_modified_time":"2023-02-16T15:55:09+00:00","og_image":[{"width":720,"height":400,"url":"https:\/\/www.calvera.es\/wp-content\/uploads\/2021\/12\/hidrogeno.jpg","type":"image\/jpeg"}],"author":"ruben","twitter_card":"summary_large_image","twitter_misc":{"Escrito por":"ruben","Tiempo de lectura":"4 minutos"},"schema":{"@context":"https:\/\/schema.org","@graph":[{"@type":"Article","@id":"https:\/\/www.calvera.es\/es\/el-hidrogeno-elevara-la-facturacion-de-grupo-calvera-un-30-en-los-proximos-anos\/#article","isPartOf":{"@id":"https:\/\/www.calvera.es\/es\/el-hidrogeno-elevara-la-facturacion-de-grupo-calvera-un-30-en-los-proximos-anos\/"},"author":{"name":"ruben","@id":"https:\/\/www.calvera.es\/#\/schema\/person\/f921fe9d61bfe56e566dd0539645355f"},"headline":"El hidr\u00f3geno elevar\u00e1 la facturaci\u00f3n de Grupo Calvera un 30% en los pr\u00f3ximos a\u00f1os","datePublished":"2021-07-02T14:09:40+00:00","dateModified":"2023-02-16T15:55:09+00:00","mainEntityOfPage":{"@id":"https:\/\/www.calvera.es\/es\/el-hidrogeno-elevara-la-facturacion-de-grupo-calvera-un-30-en-los-proximos-anos\/"},"wordCount":978,"image":{"@id":"https:\/\/www.calvera.es\/es\/el-hidrogeno-elevara-la-facturacion-de-grupo-calvera-un-30-en-los-proximos-anos\/#primaryimage"},"thumbnailUrl":"https:\/\/www.calvera.es\/wp-content\/uploads\/2021\/12\/hidrogeno.jpg","articleSection":["Calvera"],"inLanguage":"es"},{"@type":"WebPage","@id":"https:\/\/www.calvera.es\/es\/el-hidrogeno-elevara-la-facturacion-de-grupo-calvera-un-30-en-los-proximos-anos\/","url":"https:\/\/www.calvera.es\/es\/el-hidrogeno-elevara-la-facturacion-de-grupo-calvera-un-30-en-los-proximos-anos\/","name":"El hidr\u00f3geno elevar\u00e1 la facturaci\u00f3n de Grupo Calvera un 30% en los pr\u00f3ximos a\u00f1os - Calvera Hydrogen","isPartOf":{"@id":"https:\/\/www.calvera.es\/#website"},"primaryImageOfPage":{"@id":"https:\/\/www.calvera.es\/es\/el-hidrogeno-elevara-la-facturacion-de-grupo-calvera-un-30-en-los-proximos-anos\/#primaryimage"},"image":{"@id":"https:\/\/www.calvera.es\/es\/el-hidrogeno-elevara-la-facturacion-de-grupo-calvera-un-30-en-los-proximos-anos\/#primaryimage"},"thumbnailUrl":"https:\/\/www.calvera.es\/wp-content\/uploads\/2021\/12\/hidrogeno.jpg","datePublished":"2021-07-02T14:09:40+00:00","dateModified":"2023-02-16T15:55:09+00:00","author":{"@id":"https:\/\/www.calvera.es\/#\/schema\/person\/f921fe9d61bfe56e566dd0539645355f"},"description":"Calvera sigue avanzando con paso firme en el sector del hidr\u00f3geno, estimando un incremento de la facturaci\u00f3n de entre el 30% y el 50% anual.","breadcrumb":{"@id":"https:\/\/www.calvera.es\/es\/el-hidrogeno-elevara-la-facturacion-de-grupo-calvera-un-30-en-los-proximos-anos\/#breadcrumb"},"inLanguage":"es","potentialAction":[{"@type":"ReadAction","target":["https:\/\/www.calvera.es\/es\/el-hidrogeno-elevara-la-facturacion-de-grupo-calvera-un-30-en-los-proximos-anos\/"]}]},{"@type":"ImageObject","inLanguage":"es","@id":"https:\/\/www.calvera.es\/es\/el-hidrogeno-elevara-la-facturacion-de-grupo-calvera-un-30-en-los-proximos-anos\/#primaryimage","url":"https:\/\/www.calvera.es\/wp-content\/uploads\/2021\/12\/hidrogeno.jpg","contentUrl":"https:\/\/www.calvera.es\/wp-content\/uploads\/2021\/12\/hidrogeno.jpg","width":720,"height":400},{"@type":"BreadcrumbList","@id":"https:\/\/www.calvera.es\/es\/el-hidrogeno-elevara-la-facturacion-de-grupo-calvera-un-30-en-los-proximos-anos\/#breadcrumb","itemListElement":[{"@type":"ListItem","position":1,"name":"Portada","item":"https:\/\/www.calvera.es\/es\/"},{"@type":"ListItem","position":2,"name":"El hidr\u00f3geno elevar\u00e1 la facturaci\u00f3n de Grupo Calvera un 30% en los pr\u00f3ximos a\u00f1os"}]},{"@type":"WebSite","@id":"https:\/\/www.calvera.es\/#website","url":"https:\/\/www.calvera.es\/","name":"Calvera Hydrogen","description":"Design and manufacture of hydrogen, biomethane and other gases infrastructure equipment","potentialAction":[{"@type":"SearchAction","target":{"@type":"EntryPoint","urlTemplate":"https:\/\/www.calvera.es\/?s={search_term_string}"},"query-input":{"@type":"PropertyValueSpecification","valueRequired":true,"valueName":"search_term_string"}}],"inLanguage":"es"},{"@type":"Person","@id":"https:\/\/www.calvera.es\/#\/schema\/person\/f921fe9d61bfe56e566dd0539645355f","name":"ruben","image":{"@type":"ImageObject","inLanguage":"es","@id":"https:\/\/secure.gravatar.com\/avatar\/b0dfa89cd0823d0b60635b5442a2621e1f2accada67cb27a505da5d057d88b4d?s=96&d=mm&r=g","url":"https:\/\/secure.gravatar.com\/avatar\/b0dfa89cd0823d0b60635b5442a2621e1f2accada67cb27a505da5d057d88b4d?s=96&d=mm&r=g","contentUrl":"https:\/\/secure.gravatar.com\/avatar\/b0dfa89cd0823d0b60635b5442a2621e1f2accada67cb27a505da5d057d88b4d?s=96&d=mm&r=g","caption":"ruben"},"sameAs":["http:\/\/www.calvera.es"],"url":"https:\/\/www.calvera.es\/es\/author\/ruben\/"}]}},"_links":{"self":[{"href":"https:\/\/www.calvera.es\/es\/wp-json\/wp\/v2\/posts\/9162","targetHints":{"allow":["GET"]}}],"collection":[{"href":"https:\/\/www.calvera.es\/es\/wp-json\/wp\/v2\/posts"}],"about":[{"href":"https:\/\/www.calvera.es\/es\/wp-json\/wp\/v2\/types\/post"}],"author":[{"embeddable":true,"href":"https:\/\/www.calvera.es\/es\/wp-json\/wp\/v2\/users\/1"}],"replies":[{"embeddable":true,"href":"https:\/\/www.calvera.es\/es\/wp-json\/wp\/v2\/comments?post=9162"}],"version-history":[{"count":0,"href":"https:\/\/www.calvera.es\/es\/wp-json\/wp\/v2\/posts\/9162\/revisions"}],"wp:featuredmedia":[{"embeddable":true,"href":"https:\/\/www.calvera.es\/es\/wp-json\/wp\/v2\/media\/8980"}],"wp:attachment":[{"href":"https:\/\/www.calvera.es\/es\/wp-json\/wp\/v2\/media?parent=9162"}],"wp:term":[{"taxonomy":"category","embeddable":true,"href":"https:\/\/www.calvera.es\/es\/wp-json\/wp\/v2\/categories?post=9162"},{"taxonomy":"post_tag","embeddable":true,"href":"https:\/\/www.calvera.es\/es\/wp-json\/wp\/v2\/tags?post=9162"}],"curies":[{"name":"wp","href":"https:\/\/api.w.org\/{rel}","templated":true}]}}