{"id":9160,"date":"2021-09-23T13:44:57","date_gmt":"2021-09-23T13:44:57","guid":{"rendered":"https:\/\/www.calvera.es\/calvera-disena-fabrica-y-pone-en-marcha-la-nueva-gasinera-movil-de-bio-gnc-de-garbiker\/"},"modified":"2023-02-16T15:49:52","modified_gmt":"2023-02-16T15:49:52","slug":"calvera-disena-fabrica-y-pone-en-marcha-la-nueva-gasinera-movil-de-bio-gnc-de-garbiker","status":"publish","type":"post","link":"https:\/\/www.calvera.es\/es\/calvera-disena-fabrica-y-pone-en-marcha-la-nueva-gasinera-movil-de-bio-gnc-de-garbiker\/","title":{"rendered":"Calvera dise\u00f1a, fabrica y pone en marcha la nueva gasinera m\u00f3vil de Bio-GNC de Garbiker"},"content":{"rendered":"<p>[vc_row][vc_column][vc_column_text]La gasolinera m\u00f3vil de Calvera, con la que la empresa vasca abastecer\u00e1 a sus camiones de recogida de RSU, es ideal para dinamizar flotas de gas, contribuyendo a la descarbonizaci\u00f3n y facilitando una operativa de dispensaci\u00f3n de gas o biometano de forma muy sencilla y flexible sin necesidad de contar con una instalaci\u00f3n fija<\/p>\n<p>El Grupo Industrial Calvera ha realizado la puesta en marcha de la nueva gasinera m\u00f3vil de GNC \/ biometano que la empresa vasca Garbiker utilizar\u00e1 para abastecer a las flotas de camiones de recogida de RSU ubicadas en sus bases de Amorebieta y Artigas. Con este proyecto, Calvera, que tambi\u00e9n ha formado t\u00e9cnicamente al personal encargado de operar estas instalaciones, vuelve a poner de manifiesto el \u00e9xito de esta soluci\u00f3n tecnol\u00f3gicamente madura que contribuye a la descarbonizaci\u00f3n de flotas de veh\u00edculos pesados o ligeros, de una manera r\u00e1pida y asequible, maximizando la penetraci\u00f3n del gas natural y renovable, as\u00ed como dinamizando el sector y ubicaci\u00f3n de flotas de GNC \/ biometano. La principal ventaja de esta tecnolog\u00eda es que ofrece la posibilidad de dispensar en los puntos de consumo sin necesidad de largos periodos de tramitaci\u00f3n e instalaci\u00f3n de una estaci\u00f3n fija, de una forma muy flexible, para consumo vehicular centralizado o distribuido, como en el caso de Garbiker.<\/p>\n<p>El nuevo modelo de gasinera m\u00f3vil de Calvera es un sistema compacto de almacenamiento y dispensaci\u00f3n que puede suministrar entre 1.500 y 2.000 kg de gas a 200 bares. Se trata de una clara evoluci\u00f3n del modelo anterior de 800 kg que permite suministrar a flotas m\u00e1s grandes y mejorar el retorno de la inversi\u00f3n.<\/p>\n<p>Enmarcada en la l\u00ednea de Gaseoductos Virtuales Calvera de Gases Renovables y GNC, la gasinera m\u00f3vil es un primer eslab\u00f3n tecnol\u00f3gico que hace posible, mediante una operativa muy sencilla, maximizar la penetraci\u00f3n del gas natural vehicular (GNV) y del biometano vehicular en todo el territorio nacional, llegando hasta las cocheras de los diferentes consumidores en puntos a los que no llega la red de distribuci\u00f3n gasista.<\/p>\n<p>Est\u00e1 integrada por un contenedor de 20 pies de almacenamiento de GNC a 250 bares, un chasis semi-tr\u00e1iler ADR de 20 pies con eje direccional para transporte a presi\u00f3n de gases que puede actuar como veh\u00edculo bater\u00eda y un sistema surtidor m\u00f3vil de GNC o biometano equipado con los m\u00e1s estrictos sistemas de seguridad. Asimismo, incluye toda la electr\u00f3nica necesaria para realizar y visualizar las operaciones, el autodiagn\u00f3stico y el almacenamiento de datos.[\/vc_column_text][\/vc_column][\/vc_row]<\/p>\n","protected":false},"excerpt":{"rendered":"<p>[vc_row][vc_column][vc_column_text]La gasolinera m\u00f3vil de Calvera, con la que la empresa vasca abastecer\u00e1 a sus camiones de recogida de RSU, es [&hellip;]<\/p>\n","protected":false},"author":1,"featured_media":8952,"comment_status":"closed","ping_status":"closed","sticky":false,"template":"","format":"standard","meta":{"footnotes":""},"categories":[28],"tags":[],"class_list":["post-9160","post","type-post","status-publish","format-standard","has-post-thumbnail","hentry","category-calvera"],"yoast_head":"<!-- This site is optimized with the Yoast SEO plugin v27.3 - https:\/\/yoast.com\/product\/yoast-seo-wordpress\/ -->\n<title>Calvera dise\u00f1a, fabrica y pone en marcha la nueva gasinera m\u00f3vil de Bio-GNC de Garbiker - Calvera Hydrogen<\/title>\n<meta name=\"description\" content=\"El Grupo Industrial Calvera ha realizado la puesta en marcha de la nueva gasinera m\u00f3vil de GNC \/ biometano que la empresa vasca Garbiker.\" \/>\n<meta name=\"robots\" content=\"index, follow, max-snippet:-1, max-image-preview:large, max-video-preview:-1\" \/>\n<link rel=\"canonical\" href=\"https:\/\/www.calvera.es\/es\/calvera-disena-fabrica-y-pone-en-marcha-la-nueva-gasinera-movil-de-bio-gnc-de-garbiker\/\" \/>\n<meta property=\"og:locale\" content=\"es_ES\" \/>\n<meta property=\"og:type\" content=\"article\" \/>\n<meta property=\"og:title\" content=\"Calvera dise\u00f1a, fabrica y pone en marcha la nueva gasinera m\u00f3vil de Bio-GNC de Garbiker - Calvera Hydrogen\" \/>\n<meta property=\"og:description\" content=\"El Grupo Industrial Calvera ha realizado la puesta en marcha de la nueva gasinera m\u00f3vil de GNC \/ biometano que la empresa vasca Garbiker.\" \/>\n<meta property=\"og:url\" content=\"https:\/\/www.calvera.es\/es\/calvera-disena-fabrica-y-pone-en-marcha-la-nueva-gasinera-movil-de-bio-gnc-de-garbiker\/\" \/>\n<meta property=\"og:site_name\" content=\"Calvera Hydrogen\" \/>\n<meta property=\"article:published_time\" content=\"2021-09-23T13:44:57+00:00\" \/>\n<meta property=\"article:modified_time\" content=\"2023-02-16T15:49:52+00:00\" \/>\n<meta property=\"og:image\" content=\"https:\/\/www.calvera.es\/wp-content\/uploads\/2021\/09\/gasinera-movil-de-Bio-GNC-calvera-1024x512-1.jpg\" \/>\n\t<meta property=\"og:image:width\" content=\"1024\" \/>\n\t<meta property=\"og:image:height\" content=\"512\" \/>\n\t<meta property=\"og:image:type\" content=\"image\/jpeg\" \/>\n<meta name=\"author\" content=\"ruben\" \/>\n<meta name=\"twitter:card\" content=\"summary_large_image\" \/>\n<meta name=\"twitter:label1\" content=\"Escrito por\" \/>\n\t<meta name=\"twitter:data1\" content=\"ruben\" \/>\n\t<meta name=\"twitter:label2\" content=\"Tiempo de lectura\" \/>\n\t<meta name=\"twitter:data2\" content=\"2 minutos\" \/>\n<script type=\"application\/ld+json\" class=\"yoast-schema-graph\">{\"@context\":\"https:\\\/\\\/schema.org\",\"@graph\":[{\"@type\":\"Article\",\"@id\":\"https:\\\/\\\/www.calvera.es\\\/es\\\/calvera-disena-fabrica-y-pone-en-marcha-la-nueva-gasinera-movil-de-bio-gnc-de-garbiker\\\/#article\",\"isPartOf\":{\"@id\":\"https:\\\/\\\/www.calvera.es\\\/es\\\/calvera-disena-fabrica-y-pone-en-marcha-la-nueva-gasinera-movil-de-bio-gnc-de-garbiker\\\/\"},\"author\":{\"name\":\"ruben\",\"@id\":\"https:\\\/\\\/www.calvera.es\\\/#\\\/schema\\\/person\\\/f921fe9d61bfe56e566dd0539645355f\"},\"headline\":\"Calvera dise\u00f1a, fabrica y pone en marcha la nueva gasinera m\u00f3vil de Bio-GNC de Garbiker\",\"datePublished\":\"2021-09-23T13:44:57+00:00\",\"dateModified\":\"2023-02-16T15:49:52+00:00\",\"mainEntityOfPage\":{\"@id\":\"https:\\\/\\\/www.calvera.es\\\/es\\\/calvera-disena-fabrica-y-pone-en-marcha-la-nueva-gasinera-movil-de-bio-gnc-de-garbiker\\\/\"},\"wordCount\":466,\"image\":{\"@id\":\"https:\\\/\\\/www.calvera.es\\\/es\\\/calvera-disena-fabrica-y-pone-en-marcha-la-nueva-gasinera-movil-de-bio-gnc-de-garbiker\\\/#primaryimage\"},\"thumbnailUrl\":\"https:\\\/\\\/www.calvera.es\\\/wp-content\\\/uploads\\\/2021\\\/09\\\/gasinera-movil-de-Bio-GNC-calvera-1024x512-1.jpg\",\"articleSection\":[\"Calvera\"],\"inLanguage\":\"es\"},{\"@type\":\"WebPage\",\"@id\":\"https:\\\/\\\/www.calvera.es\\\/es\\\/calvera-disena-fabrica-y-pone-en-marcha-la-nueva-gasinera-movil-de-bio-gnc-de-garbiker\\\/\",\"url\":\"https:\\\/\\\/www.calvera.es\\\/es\\\/calvera-disena-fabrica-y-pone-en-marcha-la-nueva-gasinera-movil-de-bio-gnc-de-garbiker\\\/\",\"name\":\"Calvera dise\u00f1a, fabrica y pone en marcha la nueva gasinera m\u00f3vil de Bio-GNC de Garbiker - Calvera Hydrogen\",\"isPartOf\":{\"@id\":\"https:\\\/\\\/www.calvera.es\\\/#website\"},\"primaryImageOfPage\":{\"@id\":\"https:\\\/\\\/www.calvera.es\\\/es\\\/calvera-disena-fabrica-y-pone-en-marcha-la-nueva-gasinera-movil-de-bio-gnc-de-garbiker\\\/#primaryimage\"},\"image\":{\"@id\":\"https:\\\/\\\/www.calvera.es\\\/es\\\/calvera-disena-fabrica-y-pone-en-marcha-la-nueva-gasinera-movil-de-bio-gnc-de-garbiker\\\/#primaryimage\"},\"thumbnailUrl\":\"https:\\\/\\\/www.calvera.es\\\/wp-content\\\/uploads\\\/2021\\\/09\\\/gasinera-movil-de-Bio-GNC-calvera-1024x512-1.jpg\",\"datePublished\":\"2021-09-23T13:44:57+00:00\",\"dateModified\":\"2023-02-16T15:49:52+00:00\",\"author\":{\"@id\":\"https:\\\/\\\/www.calvera.es\\\/#\\\/schema\\\/person\\\/f921fe9d61bfe56e566dd0539645355f\"},\"description\":\"El Grupo Industrial Calvera ha realizado la puesta en marcha de la nueva gasinera m\u00f3vil de GNC \\\/ biometano que la empresa vasca Garbiker.\",\"breadcrumb\":{\"@id\":\"https:\\\/\\\/www.calvera.es\\\/es\\\/calvera-disena-fabrica-y-pone-en-marcha-la-nueva-gasinera-movil-de-bio-gnc-de-garbiker\\\/#breadcrumb\"},\"inLanguage\":\"es\",\"potentialAction\":[{\"@type\":\"ReadAction\",\"target\":[\"https:\\\/\\\/www.calvera.es\\\/es\\\/calvera-disena-fabrica-y-pone-en-marcha-la-nueva-gasinera-movil-de-bio-gnc-de-garbiker\\\/\"]}]},{\"@type\":\"ImageObject\",\"inLanguage\":\"es\",\"@id\":\"https:\\\/\\\/www.calvera.es\\\/es\\\/calvera-disena-fabrica-y-pone-en-marcha-la-nueva-gasinera-movil-de-bio-gnc-de-garbiker\\\/#primaryimage\",\"url\":\"https:\\\/\\\/www.calvera.es\\\/wp-content\\\/uploads\\\/2021\\\/09\\\/gasinera-movil-de-Bio-GNC-calvera-1024x512-1.jpg\",\"contentUrl\":\"https:\\\/\\\/www.calvera.es\\\/wp-content\\\/uploads\\\/2021\\\/09\\\/gasinera-movil-de-Bio-GNC-calvera-1024x512-1.jpg\",\"width\":1024,\"height\":512},{\"@type\":\"BreadcrumbList\",\"@id\":\"https:\\\/\\\/www.calvera.es\\\/es\\\/calvera-disena-fabrica-y-pone-en-marcha-la-nueva-gasinera-movil-de-bio-gnc-de-garbiker\\\/#breadcrumb\",\"itemListElement\":[{\"@type\":\"ListItem\",\"position\":1,\"name\":\"Portada\",\"item\":\"https:\\\/\\\/www.calvera.es\\\/es\\\/\"},{\"@type\":\"ListItem\",\"position\":2,\"name\":\"Calvera dise\u00f1a, fabrica y pone en marcha la nueva gasinera m\u00f3vil de Bio-GNC de Garbiker\"}]},{\"@type\":\"WebSite\",\"@id\":\"https:\\\/\\\/www.calvera.es\\\/#website\",\"url\":\"https:\\\/\\\/www.calvera.es\\\/\",\"name\":\"Calvera Hydrogen\",\"description\":\"Design and manufacture of hydrogen, biomethane and other gases infrastructure equipment\",\"potentialAction\":[{\"@type\":\"SearchAction\",\"target\":{\"@type\":\"EntryPoint\",\"urlTemplate\":\"https:\\\/\\\/www.calvera.es\\\/?s={search_term_string}\"},\"query-input\":{\"@type\":\"PropertyValueSpecification\",\"valueRequired\":true,\"valueName\":\"search_term_string\"}}],\"inLanguage\":\"es\"},{\"@type\":\"Person\",\"@id\":\"https:\\\/\\\/www.calvera.es\\\/#\\\/schema\\\/person\\\/f921fe9d61bfe56e566dd0539645355f\",\"name\":\"ruben\",\"image\":{\"@type\":\"ImageObject\",\"inLanguage\":\"es\",\"@id\":\"https:\\\/\\\/secure.gravatar.com\\\/avatar\\\/b0dfa89cd0823d0b60635b5442a2621e1f2accada67cb27a505da5d057d88b4d?s=96&d=mm&r=g\",\"url\":\"https:\\\/\\\/secure.gravatar.com\\\/avatar\\\/b0dfa89cd0823d0b60635b5442a2621e1f2accada67cb27a505da5d057d88b4d?s=96&d=mm&r=g\",\"contentUrl\":\"https:\\\/\\\/secure.gravatar.com\\\/avatar\\\/b0dfa89cd0823d0b60635b5442a2621e1f2accada67cb27a505da5d057d88b4d?s=96&d=mm&r=g\",\"caption\":\"ruben\"},\"sameAs\":[\"http:\\\/\\\/www.calvera.es\"],\"url\":\"https:\\\/\\\/www.calvera.es\\\/es\\\/author\\\/ruben\\\/\"}]}<\/script>\n<!-- \/ Yoast SEO plugin. -->","yoast_head_json":{"title":"Calvera dise\u00f1a, fabrica y pone en marcha la nueva gasinera m\u00f3vil de Bio-GNC de Garbiker - Calvera Hydrogen","description":"El Grupo Industrial Calvera ha realizado la puesta en marcha de la nueva gasinera m\u00f3vil de GNC \/ biometano que la empresa vasca Garbiker.","robots":{"index":"index","follow":"follow","max-snippet":"max-snippet:-1","max-image-preview":"max-image-preview:large","max-video-preview":"max-video-preview:-1"},"canonical":"https:\/\/www.calvera.es\/es\/calvera-disena-fabrica-y-pone-en-marcha-la-nueva-gasinera-movil-de-bio-gnc-de-garbiker\/","og_locale":"es_ES","og_type":"article","og_title":"Calvera dise\u00f1a, fabrica y pone en marcha la nueva gasinera m\u00f3vil de Bio-GNC de Garbiker - Calvera Hydrogen","og_description":"El Grupo Industrial Calvera ha realizado la puesta en marcha de la nueva gasinera m\u00f3vil de GNC \/ biometano que la empresa vasca Garbiker.","og_url":"https:\/\/www.calvera.es\/es\/calvera-disena-fabrica-y-pone-en-marcha-la-nueva-gasinera-movil-de-bio-gnc-de-garbiker\/","og_site_name":"Calvera Hydrogen","article_published_time":"2021-09-23T13:44:57+00:00","article_modified_time":"2023-02-16T15:49:52+00:00","og_image":[{"width":1024,"height":512,"url":"https:\/\/www.calvera.es\/wp-content\/uploads\/2021\/09\/gasinera-movil-de-Bio-GNC-calvera-1024x512-1.jpg","type":"image\/jpeg"}],"author":"ruben","twitter_card":"summary_large_image","twitter_misc":{"Escrito por":"ruben","Tiempo de lectura":"2 minutos"},"schema":{"@context":"https:\/\/schema.org","@graph":[{"@type":"Article","@id":"https:\/\/www.calvera.es\/es\/calvera-disena-fabrica-y-pone-en-marcha-la-nueva-gasinera-movil-de-bio-gnc-de-garbiker\/#article","isPartOf":{"@id":"https:\/\/www.calvera.es\/es\/calvera-disena-fabrica-y-pone-en-marcha-la-nueva-gasinera-movil-de-bio-gnc-de-garbiker\/"},"author":{"name":"ruben","@id":"https:\/\/www.calvera.es\/#\/schema\/person\/f921fe9d61bfe56e566dd0539645355f"},"headline":"Calvera dise\u00f1a, fabrica y pone en marcha la nueva gasinera m\u00f3vil de Bio-GNC de Garbiker","datePublished":"2021-09-23T13:44:57+00:00","dateModified":"2023-02-16T15:49:52+00:00","mainEntityOfPage":{"@id":"https:\/\/www.calvera.es\/es\/calvera-disena-fabrica-y-pone-en-marcha-la-nueva-gasinera-movil-de-bio-gnc-de-garbiker\/"},"wordCount":466,"image":{"@id":"https:\/\/www.calvera.es\/es\/calvera-disena-fabrica-y-pone-en-marcha-la-nueva-gasinera-movil-de-bio-gnc-de-garbiker\/#primaryimage"},"thumbnailUrl":"https:\/\/www.calvera.es\/wp-content\/uploads\/2021\/09\/gasinera-movil-de-Bio-GNC-calvera-1024x512-1.jpg","articleSection":["Calvera"],"inLanguage":"es"},{"@type":"WebPage","@id":"https:\/\/www.calvera.es\/es\/calvera-disena-fabrica-y-pone-en-marcha-la-nueva-gasinera-movil-de-bio-gnc-de-garbiker\/","url":"https:\/\/www.calvera.es\/es\/calvera-disena-fabrica-y-pone-en-marcha-la-nueva-gasinera-movil-de-bio-gnc-de-garbiker\/","name":"Calvera dise\u00f1a, fabrica y pone en marcha la nueva gasinera m\u00f3vil de Bio-GNC de Garbiker - Calvera Hydrogen","isPartOf":{"@id":"https:\/\/www.calvera.es\/#website"},"primaryImageOfPage":{"@id":"https:\/\/www.calvera.es\/es\/calvera-disena-fabrica-y-pone-en-marcha-la-nueva-gasinera-movil-de-bio-gnc-de-garbiker\/#primaryimage"},"image":{"@id":"https:\/\/www.calvera.es\/es\/calvera-disena-fabrica-y-pone-en-marcha-la-nueva-gasinera-movil-de-bio-gnc-de-garbiker\/#primaryimage"},"thumbnailUrl":"https:\/\/www.calvera.es\/wp-content\/uploads\/2021\/09\/gasinera-movil-de-Bio-GNC-calvera-1024x512-1.jpg","datePublished":"2021-09-23T13:44:57+00:00","dateModified":"2023-02-16T15:49:52+00:00","author":{"@id":"https:\/\/www.calvera.es\/#\/schema\/person\/f921fe9d61bfe56e566dd0539645355f"},"description":"El Grupo Industrial Calvera ha realizado la puesta en marcha de la nueva gasinera m\u00f3vil de GNC \/ biometano que la empresa vasca Garbiker.","breadcrumb":{"@id":"https:\/\/www.calvera.es\/es\/calvera-disena-fabrica-y-pone-en-marcha-la-nueva-gasinera-movil-de-bio-gnc-de-garbiker\/#breadcrumb"},"inLanguage":"es","potentialAction":[{"@type":"ReadAction","target":["https:\/\/www.calvera.es\/es\/calvera-disena-fabrica-y-pone-en-marcha-la-nueva-gasinera-movil-de-bio-gnc-de-garbiker\/"]}]},{"@type":"ImageObject","inLanguage":"es","@id":"https:\/\/www.calvera.es\/es\/calvera-disena-fabrica-y-pone-en-marcha-la-nueva-gasinera-movil-de-bio-gnc-de-garbiker\/#primaryimage","url":"https:\/\/www.calvera.es\/wp-content\/uploads\/2021\/09\/gasinera-movil-de-Bio-GNC-calvera-1024x512-1.jpg","contentUrl":"https:\/\/www.calvera.es\/wp-content\/uploads\/2021\/09\/gasinera-movil-de-Bio-GNC-calvera-1024x512-1.jpg","width":1024,"height":512},{"@type":"BreadcrumbList","@id":"https:\/\/www.calvera.es\/es\/calvera-disena-fabrica-y-pone-en-marcha-la-nueva-gasinera-movil-de-bio-gnc-de-garbiker\/#breadcrumb","itemListElement":[{"@type":"ListItem","position":1,"name":"Portada","item":"https:\/\/www.calvera.es\/es\/"},{"@type":"ListItem","position":2,"name":"Calvera dise\u00f1a, fabrica y pone en marcha la nueva gasinera m\u00f3vil de Bio-GNC de Garbiker"}]},{"@type":"WebSite","@id":"https:\/\/www.calvera.es\/#website","url":"https:\/\/www.calvera.es\/","name":"Calvera Hydrogen","description":"Design and manufacture of hydrogen, biomethane and other gases infrastructure equipment","potentialAction":[{"@type":"SearchAction","target":{"@type":"EntryPoint","urlTemplate":"https:\/\/www.calvera.es\/?s={search_term_string}"},"query-input":{"@type":"PropertyValueSpecification","valueRequired":true,"valueName":"search_term_string"}}],"inLanguage":"es"},{"@type":"Person","@id":"https:\/\/www.calvera.es\/#\/schema\/person\/f921fe9d61bfe56e566dd0539645355f","name":"ruben","image":{"@type":"ImageObject","inLanguage":"es","@id":"https:\/\/secure.gravatar.com\/avatar\/b0dfa89cd0823d0b60635b5442a2621e1f2accada67cb27a505da5d057d88b4d?s=96&d=mm&r=g","url":"https:\/\/secure.gravatar.com\/avatar\/b0dfa89cd0823d0b60635b5442a2621e1f2accada67cb27a505da5d057d88b4d?s=96&d=mm&r=g","contentUrl":"https:\/\/secure.gravatar.com\/avatar\/b0dfa89cd0823d0b60635b5442a2621e1f2accada67cb27a505da5d057d88b4d?s=96&d=mm&r=g","caption":"ruben"},"sameAs":["http:\/\/www.calvera.es"],"url":"https:\/\/www.calvera.es\/es\/author\/ruben\/"}]}},"_links":{"self":[{"href":"https:\/\/www.calvera.es\/es\/wp-json\/wp\/v2\/posts\/9160","targetHints":{"allow":["GET"]}}],"collection":[{"href":"https:\/\/www.calvera.es\/es\/wp-json\/wp\/v2\/posts"}],"about":[{"href":"https:\/\/www.calvera.es\/es\/wp-json\/wp\/v2\/types\/post"}],"author":[{"embeddable":true,"href":"https:\/\/www.calvera.es\/es\/wp-json\/wp\/v2\/users\/1"}],"replies":[{"embeddable":true,"href":"https:\/\/www.calvera.es\/es\/wp-json\/wp\/v2\/comments?post=9160"}],"version-history":[{"count":0,"href":"https:\/\/www.calvera.es\/es\/wp-json\/wp\/v2\/posts\/9160\/revisions"}],"wp:featuredmedia":[{"embeddable":true,"href":"https:\/\/www.calvera.es\/es\/wp-json\/wp\/v2\/media\/8952"}],"wp:attachment":[{"href":"https:\/\/www.calvera.es\/es\/wp-json\/wp\/v2\/media?parent=9160"}],"wp:term":[{"taxonomy":"category","embeddable":true,"href":"https:\/\/www.calvera.es\/es\/wp-json\/wp\/v2\/categories?post=9160"},{"taxonomy":"post_tag","embeddable":true,"href":"https:\/\/www.calvera.es\/es\/wp-json\/wp\/v2\/tags?post=9160"}],"curies":[{"name":"wp","href":"https:\/\/api.w.org\/{rel}","templated":true}]}}