{"id":11064,"date":"2024-06-11T10:53:39","date_gmt":"2024-06-11T10:53:39","guid":{"rendered":"https:\/\/www.calvera.es\/interview-with-rafael-calvera-in-actualidad-economica-of-el-mundo\/"},"modified":"2024-06-11T12:20:52","modified_gmt":"2024-06-11T12:20:52","slug":"interview-with-rafael-calvera-in-actualidad-economica-of-el-mundo","status":"publish","type":"post","link":"https:\/\/www.calvera.es\/es\/interview-with-rafael-calvera-in-actualidad-economica-of-el-mundo\/","title":{"rendered":"Entrevista a Rafael Calvera en Actualidad Econ\u00f3mica de El Mundo"},"content":{"rendered":"<p><a href=\"https:\/\/www.calvera.es\/wp-content\/uploads\/2024\/06\/CALVERA-HYDROGEN-EN-ACTUALIDAD-ECONOMICA.pdf\" target=\"_blank\" rel=\"noopener\"><strong>Entrevista<\/strong><\/a> a nuestro presidente Rafael Calvera donde se explica nuestra visi\u00f3n actual del sector del Hidr\u00f3geno y, lo m\u00e1s importante, su futuro.<\/p>\n<p>En Espa\u00f1a, tenemos la capacidad de hacer una labor excelente, no solo para nuestro pa\u00eds sino para toda Europa. Contamos con la tecnolog\u00eda y la industria necesarias para destacar y cumplir con los retos de implantar una red de hidrogeneras.<\/p>\n<p>Con las buenas noticias de las primeras producciones de hidr\u00f3geno en diferentes proyectos y las que est\u00e1n por venir, la clave ahora es apoyar fuertemente la implantaci\u00f3n de veh\u00edculos de pila de combustible y de motores de combusti\u00f3n de hidr\u00f3geno (ICE). Esta segunda opci\u00f3n es fant\u00e1stica y muy competitiva mientras se escalan las pilas de combustible.<\/p>\n<p>Estamos en una carrera de fondo y esta es la clave de este negocio.<\/p>\n<p><a href=\"https:\/\/www.calvera.es\/wp-content\/uploads\/2024\/06\/CALVERA-HYDROGEN-EN-ACTUALIDAD-ECONOMICA.pdf\" target=\"_blank\" rel=\"noopener\"><img loading=\"lazy\" decoding=\"async\" class=\"aligncenter wp-image-11058 size-medium\" src=\"https:\/\/www.calvera.es\/wp-content\/uploads\/2024\/06\/Entrevista-Rafael-Calvera-Actualidad-Economica-216x300.jpg\" alt=\"\" width=\"216\" height=\"300\" srcset=\"https:\/\/www.calvera.es\/wp-content\/uploads\/2024\/06\/Entrevista-Rafael-Calvera-Actualidad-Economica-216x300.jpg 216w, https:\/\/www.calvera.es\/wp-content\/uploads\/2024\/06\/Entrevista-Rafael-Calvera-Actualidad-Economica.jpg 660w\" sizes=\"auto, (max-width: 216px) 100vw, 216px\" \/><\/a><\/p>\n","protected":false},"excerpt":{"rendered":"<p>Entrevista a nuestro presidente Rafael Calvera donde se explica nuestra visi\u00f3n actual del sector del Hidr\u00f3geno y, lo m\u00e1s importante, [&hellip;]<\/p>\n","protected":false},"author":3,"featured_media":11055,"comment_status":"closed","ping_status":"closed","sticky":false,"template":"","format":"standard","meta":{"footnotes":""},"categories":[28],"tags":[],"class_list":["post-11064","post","type-post","status-publish","format-standard","has-post-thumbnail","hentry","category-calvera"],"yoast_head":"<!-- This site is optimized with the Yoast SEO plugin v27.3 - https:\/\/yoast.com\/product\/yoast-seo-wordpress\/ -->\n<title>Entrevista a Rafael Calvera en Actualidad Econ\u00f3mica de El Mundo - Calvera Hydrogen<\/title>\n<meta name=\"robots\" content=\"index, follow, max-snippet:-1, max-image-preview:large, max-video-preview:-1\" \/>\n<link rel=\"canonical\" href=\"https:\/\/www.calvera.es\/es\/interview-with-rafael-calvera-in-actualidad-economica-of-el-mundo\/\" \/>\n<meta property=\"og:locale\" content=\"es_ES\" \/>\n<meta property=\"og:type\" content=\"article\" \/>\n<meta property=\"og:title\" content=\"Entrevista a Rafael Calvera en Actualidad Econ\u00f3mica de El Mundo - Calvera Hydrogen\" \/>\n<meta property=\"og:description\" content=\"Entrevista a nuestro presidente Rafael Calvera donde se explica nuestra visi\u00f3n actual del sector del Hidr\u00f3geno y, lo m\u00e1s importante, [&hellip;]\" \/>\n<meta property=\"og:url\" content=\"https:\/\/www.calvera.es\/es\/interview-with-rafael-calvera-in-actualidad-economica-of-el-mundo\/\" \/>\n<meta property=\"og:site_name\" content=\"Calvera Hydrogen\" \/>\n<meta property=\"article:published_time\" content=\"2024-06-11T10:53:39+00:00\" \/>\n<meta property=\"article:modified_time\" content=\"2024-06-11T12:20:52+00:00\" \/>\n<meta property=\"og:image\" content=\"https:\/\/www.calvera.es\/wp-content\/uploads\/2024\/06\/Rafael-Calvera-Actualidad-Economica-1.jpg\" \/>\n\t<meta property=\"og:image:width\" content=\"940\" \/>\n\t<meta property=\"og:image:height\" content=\"723\" \/>\n\t<meta property=\"og:image:type\" content=\"image\/jpeg\" \/>\n<meta name=\"author\" content=\"Rocio\" \/>\n<meta name=\"twitter:card\" content=\"summary_large_image\" \/>\n<meta name=\"twitter:label1\" content=\"Escrito por\" \/>\n\t<meta name=\"twitter:data1\" content=\"Rocio\" \/>\n\t<meta name=\"twitter:label2\" content=\"Tiempo de lectura\" \/>\n\t<meta name=\"twitter:data2\" content=\"1 minuto\" \/>\n<script type=\"application\/ld+json\" class=\"yoast-schema-graph\">{\"@context\":\"https:\\\/\\\/schema.org\",\"@graph\":[{\"@type\":\"Article\",\"@id\":\"https:\\\/\\\/www.calvera.es\\\/es\\\/interview-with-rafael-calvera-in-actualidad-economica-of-el-mundo\\\/#article\",\"isPartOf\":{\"@id\":\"https:\\\/\\\/www.calvera.es\\\/es\\\/interview-with-rafael-calvera-in-actualidad-economica-of-el-mundo\\\/\"},\"author\":{\"name\":\"Rocio\",\"@id\":\"https:\\\/\\\/www.calvera.es\\\/#\\\/schema\\\/person\\\/a38c3cbd55754675638688e93144ea13\"},\"headline\":\"Entrevista a Rafael Calvera en Actualidad Econ\u00f3mica de El Mundo\",\"datePublished\":\"2024-06-11T10:53:39+00:00\",\"dateModified\":\"2024-06-11T12:20:52+00:00\",\"mainEntityOfPage\":{\"@id\":\"https:\\\/\\\/www.calvera.es\\\/es\\\/interview-with-rafael-calvera-in-actualidad-economica-of-el-mundo\\\/\"},\"wordCount\":157,\"image\":{\"@id\":\"https:\\\/\\\/www.calvera.es\\\/es\\\/interview-with-rafael-calvera-in-actualidad-economica-of-el-mundo\\\/#primaryimage\"},\"thumbnailUrl\":\"https:\\\/\\\/www.calvera.es\\\/wp-content\\\/uploads\\\/2024\\\/06\\\/Rafael-Calvera-Actualidad-Economica-1.jpg\",\"articleSection\":[\"Calvera\"],\"inLanguage\":\"es\"},{\"@type\":\"WebPage\",\"@id\":\"https:\\\/\\\/www.calvera.es\\\/es\\\/interview-with-rafael-calvera-in-actualidad-economica-of-el-mundo\\\/\",\"url\":\"https:\\\/\\\/www.calvera.es\\\/es\\\/interview-with-rafael-calvera-in-actualidad-economica-of-el-mundo\\\/\",\"name\":\"Entrevista a Rafael Calvera en Actualidad Econ\u00f3mica de El Mundo - Calvera Hydrogen\",\"isPartOf\":{\"@id\":\"https:\\\/\\\/www.calvera.es\\\/#website\"},\"primaryImageOfPage\":{\"@id\":\"https:\\\/\\\/www.calvera.es\\\/es\\\/interview-with-rafael-calvera-in-actualidad-economica-of-el-mundo\\\/#primaryimage\"},\"image\":{\"@id\":\"https:\\\/\\\/www.calvera.es\\\/es\\\/interview-with-rafael-calvera-in-actualidad-economica-of-el-mundo\\\/#primaryimage\"},\"thumbnailUrl\":\"https:\\\/\\\/www.calvera.es\\\/wp-content\\\/uploads\\\/2024\\\/06\\\/Rafael-Calvera-Actualidad-Economica-1.jpg\",\"datePublished\":\"2024-06-11T10:53:39+00:00\",\"dateModified\":\"2024-06-11T12:20:52+00:00\",\"author\":{\"@id\":\"https:\\\/\\\/www.calvera.es\\\/#\\\/schema\\\/person\\\/a38c3cbd55754675638688e93144ea13\"},\"breadcrumb\":{\"@id\":\"https:\\\/\\\/www.calvera.es\\\/es\\\/interview-with-rafael-calvera-in-actualidad-economica-of-el-mundo\\\/#breadcrumb\"},\"inLanguage\":\"es\",\"potentialAction\":[{\"@type\":\"ReadAction\",\"target\":[\"https:\\\/\\\/www.calvera.es\\\/es\\\/interview-with-rafael-calvera-in-actualidad-economica-of-el-mundo\\\/\"]}]},{\"@type\":\"ImageObject\",\"inLanguage\":\"es\",\"@id\":\"https:\\\/\\\/www.calvera.es\\\/es\\\/interview-with-rafael-calvera-in-actualidad-economica-of-el-mundo\\\/#primaryimage\",\"url\":\"https:\\\/\\\/www.calvera.es\\\/wp-content\\\/uploads\\\/2024\\\/06\\\/Rafael-Calvera-Actualidad-Economica-1.jpg\",\"contentUrl\":\"https:\\\/\\\/www.calvera.es\\\/wp-content\\\/uploads\\\/2024\\\/06\\\/Rafael-Calvera-Actualidad-Economica-1.jpg\",\"width\":940,\"height\":723},{\"@type\":\"BreadcrumbList\",\"@id\":\"https:\\\/\\\/www.calvera.es\\\/es\\\/interview-with-rafael-calvera-in-actualidad-economica-of-el-mundo\\\/#breadcrumb\",\"itemListElement\":[{\"@type\":\"ListItem\",\"position\":1,\"name\":\"Portada\",\"item\":\"https:\\\/\\\/www.calvera.es\\\/es\\\/\"},{\"@type\":\"ListItem\",\"position\":2,\"name\":\"Entrevista a Rafael Calvera en Actualidad Econ\u00f3mica de El Mundo\"}]},{\"@type\":\"WebSite\",\"@id\":\"https:\\\/\\\/www.calvera.es\\\/#website\",\"url\":\"https:\\\/\\\/www.calvera.es\\\/\",\"name\":\"Calvera Hydrogen\",\"description\":\"Design and manufacture of hydrogen, biomethane and other gases infrastructure equipment\",\"potentialAction\":[{\"@type\":\"SearchAction\",\"target\":{\"@type\":\"EntryPoint\",\"urlTemplate\":\"https:\\\/\\\/www.calvera.es\\\/?s={search_term_string}\"},\"query-input\":{\"@type\":\"PropertyValueSpecification\",\"valueRequired\":true,\"valueName\":\"search_term_string\"}}],\"inLanguage\":\"es\"},{\"@type\":\"Person\",\"@id\":\"https:\\\/\\\/www.calvera.es\\\/#\\\/schema\\\/person\\\/a38c3cbd55754675638688e93144ea13\",\"name\":\"Rocio\",\"image\":{\"@type\":\"ImageObject\",\"inLanguage\":\"es\",\"@id\":\"https:\\\/\\\/secure.gravatar.com\\\/avatar\\\/60ebf3635fffe3032aba22d33ca50491f75ab8e29b0036d9a4aee344593692d4?s=96&d=mm&r=g\",\"url\":\"https:\\\/\\\/secure.gravatar.com\\\/avatar\\\/60ebf3635fffe3032aba22d33ca50491f75ab8e29b0036d9a4aee344593692d4?s=96&d=mm&r=g\",\"contentUrl\":\"https:\\\/\\\/secure.gravatar.com\\\/avatar\\\/60ebf3635fffe3032aba22d33ca50491f75ab8e29b0036d9a4aee344593692d4?s=96&d=mm&r=g\",\"caption\":\"Rocio\"},\"url\":\"https:\\\/\\\/www.calvera.es\\\/es\\\/author\\\/rocio\\\/\"}]}<\/script>\n<!-- \/ Yoast SEO plugin. -->","yoast_head_json":{"title":"Entrevista a Rafael Calvera en Actualidad Econ\u00f3mica de El Mundo - Calvera Hydrogen","robots":{"index":"index","follow":"follow","max-snippet":"max-snippet:-1","max-image-preview":"max-image-preview:large","max-video-preview":"max-video-preview:-1"},"canonical":"https:\/\/www.calvera.es\/es\/interview-with-rafael-calvera-in-actualidad-economica-of-el-mundo\/","og_locale":"es_ES","og_type":"article","og_title":"Entrevista a Rafael Calvera en Actualidad Econ\u00f3mica de El Mundo - Calvera Hydrogen","og_description":"Entrevista a nuestro presidente Rafael Calvera donde se explica nuestra visi\u00f3n actual del sector del Hidr\u00f3geno y, lo m\u00e1s importante, [&hellip;]","og_url":"https:\/\/www.calvera.es\/es\/interview-with-rafael-calvera-in-actualidad-economica-of-el-mundo\/","og_site_name":"Calvera Hydrogen","article_published_time":"2024-06-11T10:53:39+00:00","article_modified_time":"2024-06-11T12:20:52+00:00","og_image":[{"width":940,"height":723,"url":"https:\/\/www.calvera.es\/wp-content\/uploads\/2024\/06\/Rafael-Calvera-Actualidad-Economica-1.jpg","type":"image\/jpeg"}],"author":"Rocio","twitter_card":"summary_large_image","twitter_misc":{"Escrito por":"Rocio","Tiempo de lectura":"1 minuto"},"schema":{"@context":"https:\/\/schema.org","@graph":[{"@type":"Article","@id":"https:\/\/www.calvera.es\/es\/interview-with-rafael-calvera-in-actualidad-economica-of-el-mundo\/#article","isPartOf":{"@id":"https:\/\/www.calvera.es\/es\/interview-with-rafael-calvera-in-actualidad-economica-of-el-mundo\/"},"author":{"name":"Rocio","@id":"https:\/\/www.calvera.es\/#\/schema\/person\/a38c3cbd55754675638688e93144ea13"},"headline":"Entrevista a Rafael Calvera en Actualidad Econ\u00f3mica de El Mundo","datePublished":"2024-06-11T10:53:39+00:00","dateModified":"2024-06-11T12:20:52+00:00","mainEntityOfPage":{"@id":"https:\/\/www.calvera.es\/es\/interview-with-rafael-calvera-in-actualidad-economica-of-el-mundo\/"},"wordCount":157,"image":{"@id":"https:\/\/www.calvera.es\/es\/interview-with-rafael-calvera-in-actualidad-economica-of-el-mundo\/#primaryimage"},"thumbnailUrl":"https:\/\/www.calvera.es\/wp-content\/uploads\/2024\/06\/Rafael-Calvera-Actualidad-Economica-1.jpg","articleSection":["Calvera"],"inLanguage":"es"},{"@type":"WebPage","@id":"https:\/\/www.calvera.es\/es\/interview-with-rafael-calvera-in-actualidad-economica-of-el-mundo\/","url":"https:\/\/www.calvera.es\/es\/interview-with-rafael-calvera-in-actualidad-economica-of-el-mundo\/","name":"Entrevista a Rafael Calvera en Actualidad Econ\u00f3mica de El Mundo - Calvera Hydrogen","isPartOf":{"@id":"https:\/\/www.calvera.es\/#website"},"primaryImageOfPage":{"@id":"https:\/\/www.calvera.es\/es\/interview-with-rafael-calvera-in-actualidad-economica-of-el-mundo\/#primaryimage"},"image":{"@id":"https:\/\/www.calvera.es\/es\/interview-with-rafael-calvera-in-actualidad-economica-of-el-mundo\/#primaryimage"},"thumbnailUrl":"https:\/\/www.calvera.es\/wp-content\/uploads\/2024\/06\/Rafael-Calvera-Actualidad-Economica-1.jpg","datePublished":"2024-06-11T10:53:39+00:00","dateModified":"2024-06-11T12:20:52+00:00","author":{"@id":"https:\/\/www.calvera.es\/#\/schema\/person\/a38c3cbd55754675638688e93144ea13"},"breadcrumb":{"@id":"https:\/\/www.calvera.es\/es\/interview-with-rafael-calvera-in-actualidad-economica-of-el-mundo\/#breadcrumb"},"inLanguage":"es","potentialAction":[{"@type":"ReadAction","target":["https:\/\/www.calvera.es\/es\/interview-with-rafael-calvera-in-actualidad-economica-of-el-mundo\/"]}]},{"@type":"ImageObject","inLanguage":"es","@id":"https:\/\/www.calvera.es\/es\/interview-with-rafael-calvera-in-actualidad-economica-of-el-mundo\/#primaryimage","url":"https:\/\/www.calvera.es\/wp-content\/uploads\/2024\/06\/Rafael-Calvera-Actualidad-Economica-1.jpg","contentUrl":"https:\/\/www.calvera.es\/wp-content\/uploads\/2024\/06\/Rafael-Calvera-Actualidad-Economica-1.jpg","width":940,"height":723},{"@type":"BreadcrumbList","@id":"https:\/\/www.calvera.es\/es\/interview-with-rafael-calvera-in-actualidad-economica-of-el-mundo\/#breadcrumb","itemListElement":[{"@type":"ListItem","position":1,"name":"Portada","item":"https:\/\/www.calvera.es\/es\/"},{"@type":"ListItem","position":2,"name":"Entrevista a Rafael Calvera en Actualidad Econ\u00f3mica de El Mundo"}]},{"@type":"WebSite","@id":"https:\/\/www.calvera.es\/#website","url":"https:\/\/www.calvera.es\/","name":"Calvera Hydrogen","description":"Design and manufacture of hydrogen, biomethane and other gases infrastructure equipment","potentialAction":[{"@type":"SearchAction","target":{"@type":"EntryPoint","urlTemplate":"https:\/\/www.calvera.es\/?s={search_term_string}"},"query-input":{"@type":"PropertyValueSpecification","valueRequired":true,"valueName":"search_term_string"}}],"inLanguage":"es"},{"@type":"Person","@id":"https:\/\/www.calvera.es\/#\/schema\/person\/a38c3cbd55754675638688e93144ea13","name":"Rocio","image":{"@type":"ImageObject","inLanguage":"es","@id":"https:\/\/secure.gravatar.com\/avatar\/60ebf3635fffe3032aba22d33ca50491f75ab8e29b0036d9a4aee344593692d4?s=96&d=mm&r=g","url":"https:\/\/secure.gravatar.com\/avatar\/60ebf3635fffe3032aba22d33ca50491f75ab8e29b0036d9a4aee344593692d4?s=96&d=mm&r=g","contentUrl":"https:\/\/secure.gravatar.com\/avatar\/60ebf3635fffe3032aba22d33ca50491f75ab8e29b0036d9a4aee344593692d4?s=96&d=mm&r=g","caption":"Rocio"},"url":"https:\/\/www.calvera.es\/es\/author\/rocio\/"}]}},"_links":{"self":[{"href":"https:\/\/www.calvera.es\/es\/wp-json\/wp\/v2\/posts\/11064","targetHints":{"allow":["GET"]}}],"collection":[{"href":"https:\/\/www.calvera.es\/es\/wp-json\/wp\/v2\/posts"}],"about":[{"href":"https:\/\/www.calvera.es\/es\/wp-json\/wp\/v2\/types\/post"}],"author":[{"embeddable":true,"href":"https:\/\/www.calvera.es\/es\/wp-json\/wp\/v2\/users\/3"}],"replies":[{"embeddable":true,"href":"https:\/\/www.calvera.es\/es\/wp-json\/wp\/v2\/comments?post=11064"}],"version-history":[{"count":0,"href":"https:\/\/www.calvera.es\/es\/wp-json\/wp\/v2\/posts\/11064\/revisions"}],"wp:featuredmedia":[{"embeddable":true,"href":"https:\/\/www.calvera.es\/es\/wp-json\/wp\/v2\/media\/11055"}],"wp:attachment":[{"href":"https:\/\/www.calvera.es\/es\/wp-json\/wp\/v2\/media?parent=11064"}],"wp:term":[{"taxonomy":"category","embeddable":true,"href":"https:\/\/www.calvera.es\/es\/wp-json\/wp\/v2\/categories?post=11064"},{"taxonomy":"post_tag","embeddable":true,"href":"https:\/\/www.calvera.es\/es\/wp-json\/wp\/v2\/tags?post=11064"}],"curies":[{"name":"wp","href":"https:\/\/api.w.org\/{rel}","templated":true}]}}