{"id":10631,"date":"2023-12-10T09:47:19","date_gmt":"2023-12-10T09:47:19","guid":{"rendered":"https:\/\/www.calvera.es\/interview-with-our-president-rafael-calvera-in-el-periodico-de-aragon\/"},"modified":"2024-05-08T09:52:39","modified_gmt":"2024-05-08T09:52:39","slug":"interview-with-our-president-rafael-calvera-in-el-periodico-de-aragon","status":"publish","type":"post","link":"https:\/\/www.calvera.es\/es\/interview-with-our-president-rafael-calvera-in-el-periodico-de-aragon\/","title":{"rendered":"Entrevista a nuestro presidente, Rafael Calvera, en El Peri\u00f3dico de Arag\u00f3n"},"content":{"rendered":"<p>Entrevista a nuestro presidente y Director de Desarrollo de Negocio, Rafael Calvera, en El Peri\u00f3dico de Arag\u00f3n, en la que repasa la evoluci\u00f3n de la empresa y del sector del hidr\u00f3geno.<\/p>\n<p><a href=\"https:\/\/www.elperiodicodearagon.com\/aragon\/2023\/12\/10\/rafael-calvera-logico-consumir-hidrogeno-95545130.html\">Entrevista a Rafel Calvera en El Peri\u00f3dico de Arag\u00f3n (digital)<\/a><\/p>\n<p><a href=\"https:\/\/www.calvera.es\/wp-content\/uploads\/2024\/05\/Entrevista-Rafael-Calvera-El-Periodico-Aragon.pdf\"><img loading=\"lazy\" decoding=\"async\" class=\"alignnone size-medium wp-image-10628\" src=\"https:\/\/www.calvera.es\/wp-content\/uploads\/2024\/05\/Entrevista-Rafael-Calvera-El-Periodico-Aragon-2-300x191.jpg\" alt=\"\" width=\"300\" height=\"191\" srcset=\"https:\/\/www.calvera.es\/wp-content\/uploads\/2024\/05\/Entrevista-Rafael-Calvera-El-Periodico-Aragon-2-300x191.jpg 300w, https:\/\/www.calvera.es\/wp-content\/uploads\/2024\/05\/Entrevista-Rafael-Calvera-El-Periodico-Aragon-2-1024x652.jpg 1024w, https:\/\/www.calvera.es\/wp-content\/uploads\/2024\/05\/Entrevista-Rafael-Calvera-El-Periodico-Aragon-2-768x489.jpg 768w, https:\/\/www.calvera.es\/wp-content\/uploads\/2024\/05\/Entrevista-Rafael-Calvera-El-Periodico-Aragon-2.jpg 1367w\" sizes=\"auto, (max-width: 300px) 100vw, 300px\" \/><\/a><\/p>\n","protected":false},"excerpt":{"rendered":"<p>Entrevista a nuestro presidente y Director de Desarrollo de Negocio, Rafael Calvera, en El Peri\u00f3dico de Arag\u00f3n, en la que [&hellip;]<\/p>\n","protected":false},"author":3,"featured_media":10622,"comment_status":"closed","ping_status":"closed","sticky":false,"template":"","format":"standard","meta":{"footnotes":""},"categories":[28],"tags":[],"class_list":["post-10631","post","type-post","status-publish","format-standard","has-post-thumbnail","hentry","category-calvera"],"yoast_head":"<!-- This site is optimized with the Yoast SEO plugin v27.3 - https:\/\/yoast.com\/product\/yoast-seo-wordpress\/ -->\n<title>Entrevista a nuestro presidente, Rafael Calvera, en El Peri\u00f3dico de Arag\u00f3n - Calvera Hydrogen<\/title>\n<meta name=\"robots\" content=\"index, follow, max-snippet:-1, max-image-preview:large, max-video-preview:-1\" \/>\n<link rel=\"canonical\" href=\"https:\/\/www.calvera.es\/es\/interview-with-our-president-rafael-calvera-in-el-periodico-de-aragon\/\" \/>\n<meta property=\"og:locale\" content=\"es_ES\" \/>\n<meta property=\"og:type\" content=\"article\" \/>\n<meta property=\"og:title\" content=\"Entrevista a nuestro presidente, Rafael Calvera, en El Peri\u00f3dico de Arag\u00f3n - Calvera Hydrogen\" \/>\n<meta property=\"og:description\" content=\"Entrevista a nuestro presidente y Director de Desarrollo de Negocio, Rafael Calvera, en El Peri\u00f3dico de Arag\u00f3n, en la que [&hellip;]\" \/>\n<meta property=\"og:url\" content=\"https:\/\/www.calvera.es\/es\/interview-with-our-president-rafael-calvera-in-el-periodico-de-aragon\/\" \/>\n<meta property=\"og:site_name\" content=\"Calvera Hydrogen\" \/>\n<meta property=\"article:published_time\" content=\"2023-12-10T09:47:19+00:00\" \/>\n<meta property=\"article:modified_time\" content=\"2024-05-08T09:52:39+00:00\" \/>\n<meta property=\"og:image\" content=\"https:\/\/www.calvera.es\/wp-content\/uploads\/2024\/05\/Entrevista-Rafael-Calvera-El-Periodico-Aragon.jpg\" \/>\n\t<meta property=\"og:image:width\" content=\"641\" \/>\n\t<meta property=\"og:image:height\" content=\"506\" \/>\n\t<meta property=\"og:image:type\" content=\"image\/jpeg\" \/>\n<meta name=\"author\" content=\"Rocio\" \/>\n<meta name=\"twitter:card\" content=\"summary_large_image\" \/>\n<meta name=\"twitter:label1\" content=\"Escrito por\" \/>\n\t<meta name=\"twitter:data1\" content=\"Rocio\" \/>\n\t<meta name=\"twitter:label2\" content=\"Tiempo de lectura\" \/>\n\t<meta name=\"twitter:data2\" content=\"1 minuto\" \/>\n<script type=\"application\/ld+json\" class=\"yoast-schema-graph\">{\"@context\":\"https:\\\/\\\/schema.org\",\"@graph\":[{\"@type\":\"Article\",\"@id\":\"https:\\\/\\\/www.calvera.es\\\/es\\\/interview-with-our-president-rafael-calvera-in-el-periodico-de-aragon\\\/#article\",\"isPartOf\":{\"@id\":\"https:\\\/\\\/www.calvera.es\\\/es\\\/interview-with-our-president-rafael-calvera-in-el-periodico-de-aragon\\\/\"},\"author\":{\"name\":\"Rocio\",\"@id\":\"https:\\\/\\\/www.calvera.es\\\/#\\\/schema\\\/person\\\/a38c3cbd55754675638688e93144ea13\"},\"headline\":\"Entrevista a nuestro presidente, Rafael Calvera, en El Peri\u00f3dico de Arag\u00f3n\",\"datePublished\":\"2023-12-10T09:47:19+00:00\",\"dateModified\":\"2024-05-08T09:52:39+00:00\",\"mainEntityOfPage\":{\"@id\":\"https:\\\/\\\/www.calvera.es\\\/es\\\/interview-with-our-president-rafael-calvera-in-el-periodico-de-aragon\\\/\"},\"wordCount\":60,\"image\":{\"@id\":\"https:\\\/\\\/www.calvera.es\\\/es\\\/interview-with-our-president-rafael-calvera-in-el-periodico-de-aragon\\\/#primaryimage\"},\"thumbnailUrl\":\"https:\\\/\\\/www.calvera.es\\\/wp-content\\\/uploads\\\/2024\\\/05\\\/Entrevista-Rafael-Calvera-El-Periodico-Aragon.jpg\",\"articleSection\":[\"Calvera\"],\"inLanguage\":\"es\"},{\"@type\":\"WebPage\",\"@id\":\"https:\\\/\\\/www.calvera.es\\\/es\\\/interview-with-our-president-rafael-calvera-in-el-periodico-de-aragon\\\/\",\"url\":\"https:\\\/\\\/www.calvera.es\\\/es\\\/interview-with-our-president-rafael-calvera-in-el-periodico-de-aragon\\\/\",\"name\":\"Entrevista a nuestro presidente, Rafael Calvera, en El Peri\u00f3dico de Arag\u00f3n - Calvera Hydrogen\",\"isPartOf\":{\"@id\":\"https:\\\/\\\/www.calvera.es\\\/#website\"},\"primaryImageOfPage\":{\"@id\":\"https:\\\/\\\/www.calvera.es\\\/es\\\/interview-with-our-president-rafael-calvera-in-el-periodico-de-aragon\\\/#primaryimage\"},\"image\":{\"@id\":\"https:\\\/\\\/www.calvera.es\\\/es\\\/interview-with-our-president-rafael-calvera-in-el-periodico-de-aragon\\\/#primaryimage\"},\"thumbnailUrl\":\"https:\\\/\\\/www.calvera.es\\\/wp-content\\\/uploads\\\/2024\\\/05\\\/Entrevista-Rafael-Calvera-El-Periodico-Aragon.jpg\",\"datePublished\":\"2023-12-10T09:47:19+00:00\",\"dateModified\":\"2024-05-08T09:52:39+00:00\",\"author\":{\"@id\":\"https:\\\/\\\/www.calvera.es\\\/#\\\/schema\\\/person\\\/a38c3cbd55754675638688e93144ea13\"},\"breadcrumb\":{\"@id\":\"https:\\\/\\\/www.calvera.es\\\/es\\\/interview-with-our-president-rafael-calvera-in-el-periodico-de-aragon\\\/#breadcrumb\"},\"inLanguage\":\"es\",\"potentialAction\":[{\"@type\":\"ReadAction\",\"target\":[\"https:\\\/\\\/www.calvera.es\\\/es\\\/interview-with-our-president-rafael-calvera-in-el-periodico-de-aragon\\\/\"]}]},{\"@type\":\"ImageObject\",\"inLanguage\":\"es\",\"@id\":\"https:\\\/\\\/www.calvera.es\\\/es\\\/interview-with-our-president-rafael-calvera-in-el-periodico-de-aragon\\\/#primaryimage\",\"url\":\"https:\\\/\\\/www.calvera.es\\\/wp-content\\\/uploads\\\/2024\\\/05\\\/Entrevista-Rafael-Calvera-El-Periodico-Aragon.jpg\",\"contentUrl\":\"https:\\\/\\\/www.calvera.es\\\/wp-content\\\/uploads\\\/2024\\\/05\\\/Entrevista-Rafael-Calvera-El-Periodico-Aragon.jpg\",\"width\":641,\"height\":506},{\"@type\":\"BreadcrumbList\",\"@id\":\"https:\\\/\\\/www.calvera.es\\\/es\\\/interview-with-our-president-rafael-calvera-in-el-periodico-de-aragon\\\/#breadcrumb\",\"itemListElement\":[{\"@type\":\"ListItem\",\"position\":1,\"name\":\"Portada\",\"item\":\"https:\\\/\\\/www.calvera.es\\\/es\\\/\"},{\"@type\":\"ListItem\",\"position\":2,\"name\":\"Entrevista a nuestro presidente, Rafael Calvera, en El Peri\u00f3dico de Arag\u00f3n\"}]},{\"@type\":\"WebSite\",\"@id\":\"https:\\\/\\\/www.calvera.es\\\/#website\",\"url\":\"https:\\\/\\\/www.calvera.es\\\/\",\"name\":\"Calvera Hydrogen\",\"description\":\"Design and manufacture of hydrogen, biomethane and other gases infrastructure equipment\",\"potentialAction\":[{\"@type\":\"SearchAction\",\"target\":{\"@type\":\"EntryPoint\",\"urlTemplate\":\"https:\\\/\\\/www.calvera.es\\\/?s={search_term_string}\"},\"query-input\":{\"@type\":\"PropertyValueSpecification\",\"valueRequired\":true,\"valueName\":\"search_term_string\"}}],\"inLanguage\":\"es\"},{\"@type\":\"Person\",\"@id\":\"https:\\\/\\\/www.calvera.es\\\/#\\\/schema\\\/person\\\/a38c3cbd55754675638688e93144ea13\",\"name\":\"Rocio\",\"image\":{\"@type\":\"ImageObject\",\"inLanguage\":\"es\",\"@id\":\"https:\\\/\\\/secure.gravatar.com\\\/avatar\\\/60ebf3635fffe3032aba22d33ca50491f75ab8e29b0036d9a4aee344593692d4?s=96&d=mm&r=g\",\"url\":\"https:\\\/\\\/secure.gravatar.com\\\/avatar\\\/60ebf3635fffe3032aba22d33ca50491f75ab8e29b0036d9a4aee344593692d4?s=96&d=mm&r=g\",\"contentUrl\":\"https:\\\/\\\/secure.gravatar.com\\\/avatar\\\/60ebf3635fffe3032aba22d33ca50491f75ab8e29b0036d9a4aee344593692d4?s=96&d=mm&r=g\",\"caption\":\"Rocio\"},\"url\":\"https:\\\/\\\/www.calvera.es\\\/es\\\/author\\\/rocio\\\/\"}]}<\/script>\n<!-- \/ Yoast SEO plugin. -->","yoast_head_json":{"title":"Entrevista a nuestro presidente, Rafael Calvera, en El Peri\u00f3dico de Arag\u00f3n - Calvera Hydrogen","robots":{"index":"index","follow":"follow","max-snippet":"max-snippet:-1","max-image-preview":"max-image-preview:large","max-video-preview":"max-video-preview:-1"},"canonical":"https:\/\/www.calvera.es\/es\/interview-with-our-president-rafael-calvera-in-el-periodico-de-aragon\/","og_locale":"es_ES","og_type":"article","og_title":"Entrevista a nuestro presidente, Rafael Calvera, en El Peri\u00f3dico de Arag\u00f3n - Calvera Hydrogen","og_description":"Entrevista a nuestro presidente y Director de Desarrollo de Negocio, Rafael Calvera, en El Peri\u00f3dico de Arag\u00f3n, en la que [&hellip;]","og_url":"https:\/\/www.calvera.es\/es\/interview-with-our-president-rafael-calvera-in-el-periodico-de-aragon\/","og_site_name":"Calvera Hydrogen","article_published_time":"2023-12-10T09:47:19+00:00","article_modified_time":"2024-05-08T09:52:39+00:00","og_image":[{"width":641,"height":506,"url":"https:\/\/www.calvera.es\/wp-content\/uploads\/2024\/05\/Entrevista-Rafael-Calvera-El-Periodico-Aragon.jpg","type":"image\/jpeg"}],"author":"Rocio","twitter_card":"summary_large_image","twitter_misc":{"Escrito por":"Rocio","Tiempo de lectura":"1 minuto"},"schema":{"@context":"https:\/\/schema.org","@graph":[{"@type":"Article","@id":"https:\/\/www.calvera.es\/es\/interview-with-our-president-rafael-calvera-in-el-periodico-de-aragon\/#article","isPartOf":{"@id":"https:\/\/www.calvera.es\/es\/interview-with-our-president-rafael-calvera-in-el-periodico-de-aragon\/"},"author":{"name":"Rocio","@id":"https:\/\/www.calvera.es\/#\/schema\/person\/a38c3cbd55754675638688e93144ea13"},"headline":"Entrevista a nuestro presidente, Rafael Calvera, en El Peri\u00f3dico de Arag\u00f3n","datePublished":"2023-12-10T09:47:19+00:00","dateModified":"2024-05-08T09:52:39+00:00","mainEntityOfPage":{"@id":"https:\/\/www.calvera.es\/es\/interview-with-our-president-rafael-calvera-in-el-periodico-de-aragon\/"},"wordCount":60,"image":{"@id":"https:\/\/www.calvera.es\/es\/interview-with-our-president-rafael-calvera-in-el-periodico-de-aragon\/#primaryimage"},"thumbnailUrl":"https:\/\/www.calvera.es\/wp-content\/uploads\/2024\/05\/Entrevista-Rafael-Calvera-El-Periodico-Aragon.jpg","articleSection":["Calvera"],"inLanguage":"es"},{"@type":"WebPage","@id":"https:\/\/www.calvera.es\/es\/interview-with-our-president-rafael-calvera-in-el-periodico-de-aragon\/","url":"https:\/\/www.calvera.es\/es\/interview-with-our-president-rafael-calvera-in-el-periodico-de-aragon\/","name":"Entrevista a nuestro presidente, Rafael Calvera, en El Peri\u00f3dico de Arag\u00f3n - Calvera Hydrogen","isPartOf":{"@id":"https:\/\/www.calvera.es\/#website"},"primaryImageOfPage":{"@id":"https:\/\/www.calvera.es\/es\/interview-with-our-president-rafael-calvera-in-el-periodico-de-aragon\/#primaryimage"},"image":{"@id":"https:\/\/www.calvera.es\/es\/interview-with-our-president-rafael-calvera-in-el-periodico-de-aragon\/#primaryimage"},"thumbnailUrl":"https:\/\/www.calvera.es\/wp-content\/uploads\/2024\/05\/Entrevista-Rafael-Calvera-El-Periodico-Aragon.jpg","datePublished":"2023-12-10T09:47:19+00:00","dateModified":"2024-05-08T09:52:39+00:00","author":{"@id":"https:\/\/www.calvera.es\/#\/schema\/person\/a38c3cbd55754675638688e93144ea13"},"breadcrumb":{"@id":"https:\/\/www.calvera.es\/es\/interview-with-our-president-rafael-calvera-in-el-periodico-de-aragon\/#breadcrumb"},"inLanguage":"es","potentialAction":[{"@type":"ReadAction","target":["https:\/\/www.calvera.es\/es\/interview-with-our-president-rafael-calvera-in-el-periodico-de-aragon\/"]}]},{"@type":"ImageObject","inLanguage":"es","@id":"https:\/\/www.calvera.es\/es\/interview-with-our-president-rafael-calvera-in-el-periodico-de-aragon\/#primaryimage","url":"https:\/\/www.calvera.es\/wp-content\/uploads\/2024\/05\/Entrevista-Rafael-Calvera-El-Periodico-Aragon.jpg","contentUrl":"https:\/\/www.calvera.es\/wp-content\/uploads\/2024\/05\/Entrevista-Rafael-Calvera-El-Periodico-Aragon.jpg","width":641,"height":506},{"@type":"BreadcrumbList","@id":"https:\/\/www.calvera.es\/es\/interview-with-our-president-rafael-calvera-in-el-periodico-de-aragon\/#breadcrumb","itemListElement":[{"@type":"ListItem","position":1,"name":"Portada","item":"https:\/\/www.calvera.es\/es\/"},{"@type":"ListItem","position":2,"name":"Entrevista a nuestro presidente, Rafael Calvera, en El Peri\u00f3dico de Arag\u00f3n"}]},{"@type":"WebSite","@id":"https:\/\/www.calvera.es\/#website","url":"https:\/\/www.calvera.es\/","name":"Calvera Hydrogen","description":"Design and manufacture of hydrogen, biomethane and other gases infrastructure equipment","potentialAction":[{"@type":"SearchAction","target":{"@type":"EntryPoint","urlTemplate":"https:\/\/www.calvera.es\/?s={search_term_string}"},"query-input":{"@type":"PropertyValueSpecification","valueRequired":true,"valueName":"search_term_string"}}],"inLanguage":"es"},{"@type":"Person","@id":"https:\/\/www.calvera.es\/#\/schema\/person\/a38c3cbd55754675638688e93144ea13","name":"Rocio","image":{"@type":"ImageObject","inLanguage":"es","@id":"https:\/\/secure.gravatar.com\/avatar\/60ebf3635fffe3032aba22d33ca50491f75ab8e29b0036d9a4aee344593692d4?s=96&d=mm&r=g","url":"https:\/\/secure.gravatar.com\/avatar\/60ebf3635fffe3032aba22d33ca50491f75ab8e29b0036d9a4aee344593692d4?s=96&d=mm&r=g","contentUrl":"https:\/\/secure.gravatar.com\/avatar\/60ebf3635fffe3032aba22d33ca50491f75ab8e29b0036d9a4aee344593692d4?s=96&d=mm&r=g","caption":"Rocio"},"url":"https:\/\/www.calvera.es\/es\/author\/rocio\/"}]}},"_links":{"self":[{"href":"https:\/\/www.calvera.es\/es\/wp-json\/wp\/v2\/posts\/10631","targetHints":{"allow":["GET"]}}],"collection":[{"href":"https:\/\/www.calvera.es\/es\/wp-json\/wp\/v2\/posts"}],"about":[{"href":"https:\/\/www.calvera.es\/es\/wp-json\/wp\/v2\/types\/post"}],"author":[{"embeddable":true,"href":"https:\/\/www.calvera.es\/es\/wp-json\/wp\/v2\/users\/3"}],"replies":[{"embeddable":true,"href":"https:\/\/www.calvera.es\/es\/wp-json\/wp\/v2\/comments?post=10631"}],"version-history":[{"count":0,"href":"https:\/\/www.calvera.es\/es\/wp-json\/wp\/v2\/posts\/10631\/revisions"}],"wp:featuredmedia":[{"embeddable":true,"href":"https:\/\/www.calvera.es\/es\/wp-json\/wp\/v2\/media\/10622"}],"wp:attachment":[{"href":"https:\/\/www.calvera.es\/es\/wp-json\/wp\/v2\/media?parent=10631"}],"wp:term":[{"taxonomy":"category","embeddable":true,"href":"https:\/\/www.calvera.es\/es\/wp-json\/wp\/v2\/categories?post=10631"},{"taxonomy":"post_tag","embeddable":true,"href":"https:\/\/www.calvera.es\/es\/wp-json\/wp\/v2\/tags?post=10631"}],"curies":[{"name":"wp","href":"https:\/\/api.w.org\/{rel}","templated":true}]}}